{"id":27,"count":49,"description":"Ateliers de philosophie \u00e0 destination des enfants \u00e2g\u00e9s de 6 \u00e0 12 ans tous les samedis matin \u00e0 11h (hors vacances scolaires).","link":"https:\/\/maisondelaphilo-romainville.org\/?cat=27","name":"Les Rendez-vous des P'tits Philosophes","slug":"les-rendez-vous-des-ptits-philosophes","taxonomy":"category","parent":17,"meta":[],"_links":{"self":[{"href":"https:\/\/maisondelaphilo-romainville.org\/index.php?rest_route=\/wp\/v2\/categories\/27","targetHints":{"allow":["GET"]}}],"collection":[{"href":"https:\/\/maisondelaphilo-romainville.org\/index.php?rest_route=\/wp\/v2\/categories"}],"about":[{"href":"https:\/\/maisondelaphilo-romainville.org\/index.php?rest_route=\/wp\/v2\/taxonomies\/category"}],"up":[{"embeddable":true,"href":"https:\/\/maisondelaphilo-romainville.org\/index.php?rest_route=\/wp\/v2\/categories\/17"}],"wp:post_type":[{"href":"https:\/\/maisondelaphilo-romainville.org\/index.php?rest_route=%2Fwp%2Fv2%2Fposts&categories=27"}],"curies":[{"name":"wp","href":"https:\/\/api.w.org\/{rel}","templated":true}]}}