{"id":1043,"date":"2018-05-16T09:47:59","date_gmt":"2018-05-16T08:47:59","guid":{"rendered":"http:\/\/maisondelaphilo-romainville.org\/?p=1043"},"modified":"2024-10-30T16:15:23","modified_gmt":"2024-10-30T15:15:23","slug":"le-rendez-vous-des-petits-philosophes-la-curiosite-est-elle-un-vilain-defaut","status":"publish","type":"post","link":"https:\/\/maisondelaphilo-romainville.org\/?p=1043","title":{"rendered":"Le rendez-vous des p&#8217;tits philosophes : &#8220;la curiosit\u00e9 est-elle un vilain d\u00e9faut ?&#8221;"},"content":{"rendered":"<p>En mai et juin, <strong>chaque samedi matin de 11h \u00e0 12h30<\/strong>, la Maison de la Philo met en place le\u00a0<em>rendez-vous des p&#8217;tits philosophes<\/em>.<\/p>\n<p>Le samedi 5 mai 2018, les enfants se sont pench\u00e9s sur la question : &#8220;<strong>La curiosit\u00e9 est-elle un vilain d\u00e9faut ?<\/strong>&#8221; Voici ce qu&#8217;ils en pensent :<\/p>\n<ul>\n<li>Rayan : &#8220;La curiosit\u00e9 c&#8217;est de l&#8217;espionnage. Pour pas se faire rep\u00e9rer on se cache pour espionner les autres.&#8221;<\/li>\n<li>Adel : &#8221; C&#8217;est quand on veut savoir ce qu&#8217;il y a dans une bo\u00eete et qu&#8217;on doit pas l&#8217;ouvrir.&#8221;<\/li>\n<li>Na\u00efl : &#8220;On veut conna\u00eetre les choses qui sont cach\u00e9es.&#8221;<\/li>\n<li>Myriam : &#8220;C&#8217;est quand on se pose plein de questions.&#8221;<\/li>\n<li>Myriam : &#8220;On est curieux pour savoir des choses, pour conna\u00eetre des choses. Mais quand on veut trop savoir, \u00e7a peut \u00eatre mal.&#8221;<\/li>\n<li>Adel : &#8220;On n&#8217;est pas tous curieux. En philosophie, on est curieux pour aller plus loin.&#8221;<\/li>\n<li>Ken : &#8220;On est curieux pour trouver des r\u00e9ponses \u00e0 nos questions. La curiosit\u00e9 \u00e7a d\u00e9pend des personnes. \u00c0 chaque journ\u00e9e, il y a toujours un moment o\u00f9 on est curieux.&#8221;<\/li>\n<li>Rayan : &#8220;Sans curiosit\u00e9, on n&#8217;apprendrait rien, on resterait comme on est. On a besoin d&#8217;\u00eatre curieux.&#8221;<\/li>\n<li>Ken : &#8220;La curiosit\u00e9 est un vilain d\u00e9faut. C&#8217;est bien, \u00e7a peut sauver des vies. Mais il y a des effets secondaires : quand on fait une infraction dans une maison, c&#8217;est un vilain d\u00e9faut.&#8221;<\/li>\n<\/ul>\n<p>&nbsp;<\/p>\n<p>Si vous n&#8217;\u00eates jamais venus \u00e0 la Maison de la Philo, venez satisfaire votre curiosit\u00e9 !<\/p>\n<p>\u00c0 bient\u00f4t, en philo,<\/p>\n<p>La Maison de la Philo<\/p>\n<p>&nbsp;<\/p>\n","protected":false},"excerpt":{"rendered":"<p>En mai et juin, chaque samedi matin de 11h \u00e0 12h30, la Maison de la Philo met en place le\u00a0rendez-vous des p&#8217;tits philosophes. Le samedi 5 mai 2018, les enfants se sont pench\u00e9s sur la question : &#8220;La curiosit\u00e9 est-elle un vilain d\u00e9faut ?&#8221; Voici ce qu&#8217;ils en pensent : Rayan : &#8220;La curiosit\u00e9 c&#8217;est&hellip; <a href=\"https:\/\/maisondelaphilo-romainville.org\/?p=1043\" class=\"more-link\">Continue reading <span class=\"screen-reader-text\">Le rendez-vous des p&#8217;tits philosophes : &#8220;la curiosit\u00e9 est-elle un vilain d\u00e9faut ?&#8221;<\/span><\/a><\/p>\n","protected":false},"author":1,"featured_media":0,"comment_status":"closed","ping_status":"open","sticky":false,"template":"","format":"standard","meta":{"iawp_total_views":7,"footnotes":""},"categories":[30],"tags":[],"class_list":["post-1043","post","type-post","status-publish","format-standard","hentry","category-paroles-denfants","without-featured-image"],"aioseo_notices":[],"aioseo_head":"\n\t\t<!-- All in One SEO 5.0.1.1 - aioseo.com -->\n\t<meta name=\"description\" content=\"En mai et juin, chaque samedi matin de 11h \u00e0 12h30, la Maison de la Philo met en place le rendez-vous des p&#039;tits philosophes. Le samedi 5 mai 2018, les enfants se sont pench\u00e9s sur la question : &quot;La curiosit\u00e9 est-elle un vilain d\u00e9faut ?&quot; Voici ce qu&#039;ils en pensent : Rayan : &quot;La curiosit\u00e9 c&#039;est\" \/>\n\t<meta name=\"robots\" content=\"max-image-preview:large\" \/>\n\t<meta name=\"author\" content=\"maisondelaphilo\"\/>\n\t<link rel=\"canonical\" href=\"https:\/\/maisondelaphilo-romainville.org\/?p=1043\" \/>\n\t<meta name=\"generator\" content=\"All in One SEO (AIOSEO) 5.0.1.1\" \/>\n\t\t<meta property=\"og:locale\" content=\"en_US\" \/>\n\t\t<meta property=\"og:site_name\" content=\"Au fil de la pens\u00e9e, dans une ville philosophe ! -\" \/>\n\t\t<meta property=\"og:type\" content=\"article\" \/>\n\t\t<meta property=\"og:title\" content=\"Le rendez-vous des p\u2019tits philosophes : \u201cla curiosit\u00e9 est-elle un vilain d\u00e9faut ?\u201d - Au fil de la pens\u00e9e, dans une ville philosophe !\" \/>\n\t\t<meta property=\"og:description\" content=\"En mai et juin, chaque samedi matin de 11h \u00e0 12h30, la Maison de la Philo met en place le rendez-vous des p&#039;tits philosophes. Le samedi 5 mai 2018, les enfants se sont pench\u00e9s sur la question : &quot;La curiosit\u00e9 est-elle un vilain d\u00e9faut ?&quot; Voici ce qu&#039;ils en pensent : Rayan : &quot;La curiosit\u00e9 c&#039;est\" \/>\n\t\t<meta property=\"og:url\" content=\"https:\/\/maisondelaphilo-romainville.org\/?p=1043\" \/>\n\t\t<meta property=\"og:image\" content=\"https:\/\/maisondelaphilo-romainville.org\/wp-content\/uploads\/2023\/11\/cropped-cropped-Logo-Maison-de-la-Philo.png\" \/>\n\t\t<meta property=\"og:image:secure_url\" content=\"https:\/\/maisondelaphilo-romainville.org\/wp-content\/uploads\/2023\/11\/cropped-cropped-Logo-Maison-de-la-Philo.png\" \/>\n\t\t<meta property=\"og:image:width\" content=\"862\" \/>\n\t\t<meta property=\"og:image:height\" content=\"125\" \/>\n\t\t<meta property=\"article:published_time\" content=\"2018-05-16T08:47:59+00:00\" \/>\n\t\t<meta property=\"article:modified_time\" content=\"2024-10-30T15:15:23+00:00\" \/>\n\t\t<meta property=\"article:publisher\" content=\"https:\/\/www.facebook.com\/profile.php?id=61553872209837\" \/>\n\t\t<meta name=\"twitter:card\" content=\"summary_large_image\" \/>\n\t\t<meta name=\"twitter:title\" content=\"Le rendez-vous des p\u2019tits philosophes : \u201cla curiosit\u00e9 est-elle un vilain d\u00e9faut ?\u201d - Au fil de la pens\u00e9e, dans une ville philosophe !\" \/>\n\t\t<meta name=\"twitter:description\" content=\"En mai et juin, chaque samedi matin de 11h \u00e0 12h30, la Maison de la Philo met en place le rendez-vous des p&#039;tits philosophes. Le samedi 5 mai 2018, les enfants se sont pench\u00e9s sur la question : &quot;La curiosit\u00e9 est-elle un vilain d\u00e9faut ?&quot; Voici ce qu&#039;ils en pensent : Rayan : &quot;La curiosit\u00e9 c&#039;est\" \/>\n\t\t<meta name=\"twitter:image\" content=\"https:\/\/maisondelaphilo-romainville.org\/wp-content\/uploads\/2023\/11\/cropped-cropped-Logo-Maison-de-la-Philo.png\" \/>\n\t\t<script type=\"application\/ld+json\" class=\"aioseo-schema\">\n\t\t\t{\"@context\":\"https:\\\/\\\/schema.org\",\"@graph\":[{\"@type\":\"BlogPosting\",\"@id\":\"https:\\\/\\\/maisondelaphilo-romainville.org\\\/?p=1043#blogposting\",\"name\":\"Le rendez-vous des p\\u2019tits philosophes : \\u201cla curiosit\\u00e9 est-elle un vilain d\\u00e9faut ?\\u201d - Au fil de la pens\\u00e9e, dans une ville philosophe !\",\"headline\":\"Le rendez-vous des p&#8217;tits philosophes : &#8220;la curiosit\\u00e9 est-elle un vilain d\\u00e9faut ?&#8221;\",\"author\":{\"@id\":\"https:\\\/\\\/maisondelaphilo-romainville.org\\\/?author=1#author\"},\"publisher\":{\"@id\":\"https:\\\/\\\/maisondelaphilo-romainville.org\\\/#organization\"},\"image\":{\"@type\":\"ImageObject\",\"url\":\"https:\\\/\\\/maisondelaphilo-romainville.org\\\/wp-content\\\/uploads\\\/2024\\\/05\\\/Logo-Maison-de-la-Philo-square.png\",\"@id\":\"https:\\\/\\\/maisondelaphilo-romainville.org\\\/#articleImage\",\"width\":533,\"height\":267},\"datePublished\":\"2018-05-16T09:47:59+02:00\",\"dateModified\":\"2024-10-30T16:15:23+01:00\",\"inLanguage\":\"en-US\",\"mainEntityOfPage\":{\"@id\":\"https:\\\/\\\/maisondelaphilo-romainville.org\\\/?p=1043#webpage\"},\"isPartOf\":{\"@id\":\"https:\\\/\\\/maisondelaphilo-romainville.org\\\/?p=1043#webpage\"},\"articleSection\":\"Paroles d'enfants\"},{\"@type\":\"BreadcrumbList\",\"@id\":\"https:\\\/\\\/maisondelaphilo-romainville.org\\\/?p=1043#breadcrumblist\",\"itemListElement\":[{\"@type\":\"ListItem\",\"@id\":\"https:\\\/\\\/maisondelaphilo-romainville.org#listItem\",\"position\":1,\"name\":\"Home\",\"item\":\"https:\\\/\\\/maisondelaphilo-romainville.org\",\"nextItem\":{\"@type\":\"ListItem\",\"@id\":\"https:\\\/\\\/maisondelaphilo-romainville.org\\\/?cat=14#listItem\",\"name\":\"Paroles de philosophes\"}},{\"@type\":\"ListItem\",\"@id\":\"https:\\\/\\\/maisondelaphilo-romainville.org\\\/?cat=14#listItem\",\"position\":2,\"name\":\"Paroles de philosophes\",\"item\":\"https:\\\/\\\/maisondelaphilo-romainville.org\\\/?cat=14\",\"nextItem\":{\"@type\":\"ListItem\",\"@id\":\"https:\\\/\\\/maisondelaphilo-romainville.org\\\/?cat=30#listItem\",\"name\":\"Paroles d'enfants\"},\"previousItem\":{\"@type\":\"ListItem\",\"@id\":\"https:\\\/\\\/maisondelaphilo-romainville.org#listItem\",\"name\":\"Home\"}},{\"@type\":\"ListItem\",\"@id\":\"https:\\\/\\\/maisondelaphilo-romainville.org\\\/?cat=30#listItem\",\"position\":3,\"name\":\"Paroles d'enfants\",\"item\":\"https:\\\/\\\/maisondelaphilo-romainville.org\\\/?cat=30\",\"nextItem\":{\"@type\":\"ListItem\",\"@id\":\"https:\\\/\\\/maisondelaphilo-romainville.org\\\/?p=1043#listItem\",\"name\":\"Le rendez-vous des p&#8217;tits philosophes : &#8220;la curiosit\\u00e9 est-elle un vilain d\\u00e9faut ?&#8221;\"},\"previousItem\":{\"@type\":\"ListItem\",\"@id\":\"https:\\\/\\\/maisondelaphilo-romainville.org\\\/?cat=14#listItem\",\"name\":\"Paroles de philosophes\"}},{\"@type\":\"ListItem\",\"@id\":\"https:\\\/\\\/maisondelaphilo-romainville.org\\\/?p=1043#listItem\",\"position\":4,\"name\":\"Le rendez-vous des p&#8217;tits philosophes : &#8220;la curiosit\\u00e9 est-elle un vilain d\\u00e9faut ?&#8221;\",\"previousItem\":{\"@type\":\"ListItem\",\"@id\":\"https:\\\/\\\/maisondelaphilo-romainville.org\\\/?cat=30#listItem\",\"name\":\"Paroles d'enfants\"}}]},{\"@type\":\"Organization\",\"@id\":\"https:\\\/\\\/maisondelaphilo-romainville.org\\\/#organization\",\"name\":\"La Maison de la Philo\",\"url\":\"https:\\\/\\\/maisondelaphilo-romainville.org\\\/\",\"logo\":{\"@type\":\"ImageObject\",\"url\":\"https:\\\/\\\/maisondelaphilo-romainville.org\\\/wp-content\\\/uploads\\\/2024\\\/05\\\/Logo-Maison-de-la-Philo-square.png\",\"@id\":\"https:\\\/\\\/maisondelaphilo-romainville.org\\\/?p=1043\\\/#organizationLogo\",\"width\":533,\"height\":267},\"image\":{\"@id\":\"https:\\\/\\\/maisondelaphilo-romainville.org\\\/?p=1043\\\/#organizationLogo\"},\"sameAs\":[\"https:\\\/\\\/www.facebook.com\\\/profile.php?id=61553872209837\",\"https:\\\/\\\/www.instagram.com\\\/maisondelaphilo93230\\\/\"]},{\"@type\":\"Person\",\"@id\":\"https:\\\/\\\/maisondelaphilo-romainville.org\\\/?author=1#author\",\"url\":\"https:\\\/\\\/maisondelaphilo-romainville.org\\\/?author=1\",\"name\":\"maisondelaphilo\",\"image\":{\"@type\":\"ImageObject\",\"@id\":\"https:\\\/\\\/maisondelaphilo-romainville.org\\\/?p=1043#authorImage\",\"url\":\"https:\\\/\\\/secure.gravatar.com\\\/avatar\\\/bc879b2bd103c3b4441a802726afa490a65771b6d5e0f23268ce1207153fee5d?s=96&d=mm&r=g\",\"width\":96,\"height\":96,\"caption\":\"maisondelaphilo\"}},{\"@type\":\"WebPage\",\"@id\":\"https:\\\/\\\/maisondelaphilo-romainville.org\\\/?p=1043#webpage\",\"url\":\"https:\\\/\\\/maisondelaphilo-romainville.org\\\/?p=1043\",\"name\":\"Le rendez-vous des p\\u2019tits philosophes : \\u201cla curiosit\\u00e9 est-elle un vilain d\\u00e9faut ?\\u201d - Au fil de la pens\\u00e9e, dans une ville philosophe !\",\"description\":\"En mai et juin, chaque samedi matin de 11h \\u00e0 12h30, la Maison de la Philo met en place le rendez-vous des p'tits philosophes. Le samedi 5 mai 2018, les enfants se sont pench\\u00e9s sur la question : \\\"La curiosit\\u00e9 est-elle un vilain d\\u00e9faut ?\\\" Voici ce qu'ils en pensent : Rayan : \\\"La curiosit\\u00e9 c'est\",\"inLanguage\":\"en-US\",\"isPartOf\":{\"@id\":\"https:\\\/\\\/maisondelaphilo-romainville.org\\\/#website\"},\"breadcrumb\":{\"@id\":\"https:\\\/\\\/maisondelaphilo-romainville.org\\\/?p=1043#breadcrumblist\"},\"author\":{\"@id\":\"https:\\\/\\\/maisondelaphilo-romainville.org\\\/?author=1#author\"},\"creator\":{\"@id\":\"https:\\\/\\\/maisondelaphilo-romainville.org\\\/?author=1#author\"},\"datePublished\":\"2018-05-16T09:47:59+02:00\",\"dateModified\":\"2024-10-30T16:15:23+01:00\"},{\"@type\":\"WebSite\",\"@id\":\"https:\\\/\\\/maisondelaphilo-romainville.org\\\/#website\",\"url\":\"https:\\\/\\\/maisondelaphilo-romainville.org\\\/\",\"name\":\"Au fil de la pens\\u00e9e, dans une ville philosophe !\",\"inLanguage\":\"en-US\",\"publisher\":{\"@id\":\"https:\\\/\\\/maisondelaphilo-romainville.org\\\/#organization\"}}]}\n\t\t<\/script>\n\t\t<!-- All in One SEO -->\n\n","aioseo_head_json":{"title":"Le rendez-vous des p\u2019tits philosophes : \u201cla curiosit\u00e9 est-elle un vilain d\u00e9faut ?\u201d - Au fil de la pens\u00e9e, dans une ville philosophe !","description":"En mai et juin, chaque samedi matin de 11h \u00e0 12h30, la Maison de la Philo met en place le rendez-vous des p'tits philosophes. Le samedi 5 mai 2018, les enfants se sont pench\u00e9s sur la question : \"La curiosit\u00e9 est-elle un vilain d\u00e9faut ?\" Voici ce qu'ils en pensent : Rayan : \"La curiosit\u00e9 c'est","canonical_url":"https:\/\/maisondelaphilo-romainville.org\/?p=1043","robots":"max-image-preview:large","keywords":"","webmasterTools":{"miscellaneous":""},"schema":{"@context":"https:\/\/schema.org","@graph":[{"@type":"BlogPosting","@id":"https:\/\/maisondelaphilo-romainville.org\/?p=1043#blogposting","name":"Le rendez-vous des p\u2019tits philosophes : \u201cla curiosit\u00e9 est-elle un vilain d\u00e9faut ?\u201d - Au fil de la pens\u00e9e, dans une ville philosophe !","headline":"Le rendez-vous des p&#8217;tits philosophes : &#8220;la curiosit\u00e9 est-elle un vilain d\u00e9faut ?&#8221;","author":{"@id":"https:\/\/maisondelaphilo-romainville.org\/?author=1#author"},"publisher":{"@id":"https:\/\/maisondelaphilo-romainville.org\/#organization"},"image":{"@type":"ImageObject","url":"https:\/\/maisondelaphilo-romainville.org\/wp-content\/uploads\/2024\/05\/Logo-Maison-de-la-Philo-square.png","@id":"https:\/\/maisondelaphilo-romainville.org\/#articleImage","width":533,"height":267},"datePublished":"2018-05-16T09:47:59+02:00","dateModified":"2024-10-30T16:15:23+01:00","inLanguage":"en-US","mainEntityOfPage":{"@id":"https:\/\/maisondelaphilo-romainville.org\/?p=1043#webpage"},"isPartOf":{"@id":"https:\/\/maisondelaphilo-romainville.org\/?p=1043#webpage"},"articleSection":"Paroles d'enfants"},{"@type":"BreadcrumbList","@id":"https:\/\/maisondelaphilo-romainville.org\/?p=1043#breadcrumblist","itemListElement":[{"@type":"ListItem","@id":"https:\/\/maisondelaphilo-romainville.org#listItem","position":1,"name":"Home","item":"https:\/\/maisondelaphilo-romainville.org","nextItem":{"@type":"ListItem","@id":"https:\/\/maisondelaphilo-romainville.org\/?cat=14#listItem","name":"Paroles de philosophes"}},{"@type":"ListItem","@id":"https:\/\/maisondelaphilo-romainville.org\/?cat=14#listItem","position":2,"name":"Paroles de philosophes","item":"https:\/\/maisondelaphilo-romainville.org\/?cat=14","nextItem":{"@type":"ListItem","@id":"https:\/\/maisondelaphilo-romainville.org\/?cat=30#listItem","name":"Paroles d'enfants"},"previousItem":{"@type":"ListItem","@id":"https:\/\/maisondelaphilo-romainville.org#listItem","name":"Home"}},{"@type":"ListItem","@id":"https:\/\/maisondelaphilo-romainville.org\/?cat=30#listItem","position":3,"name":"Paroles d'enfants","item":"https:\/\/maisondelaphilo-romainville.org\/?cat=30","nextItem":{"@type":"ListItem","@id":"https:\/\/maisondelaphilo-romainville.org\/?p=1043#listItem","name":"Le rendez-vous des p&#8217;tits philosophes : &#8220;la curiosit\u00e9 est-elle un vilain d\u00e9faut ?&#8221;"},"previousItem":{"@type":"ListItem","@id":"https:\/\/maisondelaphilo-romainville.org\/?cat=14#listItem","name":"Paroles de philosophes"}},{"@type":"ListItem","@id":"https:\/\/maisondelaphilo-romainville.org\/?p=1043#listItem","position":4,"name":"Le rendez-vous des p&#8217;tits philosophes : &#8220;la curiosit\u00e9 est-elle un vilain d\u00e9faut ?&#8221;","previousItem":{"@type":"ListItem","@id":"https:\/\/maisondelaphilo-romainville.org\/?cat=30#listItem","name":"Paroles d'enfants"}}]},{"@type":"Organization","@id":"https:\/\/maisondelaphilo-romainville.org\/#organization","name":"La Maison de la Philo","url":"https:\/\/maisondelaphilo-romainville.org\/","logo":{"@type":"ImageObject","url":"https:\/\/maisondelaphilo-romainville.org\/wp-content\/uploads\/2024\/05\/Logo-Maison-de-la-Philo-square.png","@id":"https:\/\/maisondelaphilo-romainville.org\/?p=1043\/#organizationLogo","width":533,"height":267},"image":{"@id":"https:\/\/maisondelaphilo-romainville.org\/?p=1043\/#organizationLogo"},"sameAs":["https:\/\/www.facebook.com\/profile.php?id=61553872209837","https:\/\/www.instagram.com\/maisondelaphilo93230\/"]},{"@type":"Person","@id":"https:\/\/maisondelaphilo-romainville.org\/?author=1#author","url":"https:\/\/maisondelaphilo-romainville.org\/?author=1","name":"maisondelaphilo","image":{"@type":"ImageObject","@id":"https:\/\/maisondelaphilo-romainville.org\/?p=1043#authorImage","url":"https:\/\/secure.gravatar.com\/avatar\/bc879b2bd103c3b4441a802726afa490a65771b6d5e0f23268ce1207153fee5d?s=96&d=mm&r=g","width":96,"height":96,"caption":"maisondelaphilo"}},{"@type":"WebPage","@id":"https:\/\/maisondelaphilo-romainville.org\/?p=1043#webpage","url":"https:\/\/maisondelaphilo-romainville.org\/?p=1043","name":"Le rendez-vous des p\u2019tits philosophes : \u201cla curiosit\u00e9 est-elle un vilain d\u00e9faut ?\u201d - Au fil de la pens\u00e9e, dans une ville philosophe !","description":"En mai et juin, chaque samedi matin de 11h \u00e0 12h30, la Maison de la Philo met en place le rendez-vous des p'tits philosophes. Le samedi 5 mai 2018, les enfants se sont pench\u00e9s sur la question : \"La curiosit\u00e9 est-elle un vilain d\u00e9faut ?\" Voici ce qu'ils en pensent : Rayan : \"La curiosit\u00e9 c'est","inLanguage":"en-US","isPartOf":{"@id":"https:\/\/maisondelaphilo-romainville.org\/#website"},"breadcrumb":{"@id":"https:\/\/maisondelaphilo-romainville.org\/?p=1043#breadcrumblist"},"author":{"@id":"https:\/\/maisondelaphilo-romainville.org\/?author=1#author"},"creator":{"@id":"https:\/\/maisondelaphilo-romainville.org\/?author=1#author"},"datePublished":"2018-05-16T09:47:59+02:00","dateModified":"2024-10-30T16:15:23+01:00"},{"@type":"WebSite","@id":"https:\/\/maisondelaphilo-romainville.org\/#website","url":"https:\/\/maisondelaphilo-romainville.org\/","name":"Au fil de la pens\u00e9e, dans une ville philosophe !","inLanguage":"en-US","publisher":{"@id":"https:\/\/maisondelaphilo-romainville.org\/#organization"}}]},"og:locale":"en_US","og:site_name":"Au fil de la pens\u00e9e, dans une ville philosophe ! -","og:type":"article","og:title":"Le rendez-vous des p\u2019tits philosophes : \u201cla curiosit\u00e9 est-elle un vilain d\u00e9faut ?\u201d - Au fil de la pens\u00e9e, dans une ville philosophe !","og:description":"En mai et juin, chaque samedi matin de 11h \u00e0 12h30, la Maison de la Philo met en place le rendez-vous des p'tits philosophes. Le samedi 5 mai 2018, les enfants se sont pench\u00e9s sur la question : &quot;La curiosit\u00e9 est-elle un vilain d\u00e9faut ?&quot; Voici ce qu'ils en pensent : Rayan : &quot;La curiosit\u00e9 c'est","og:url":"https:\/\/maisondelaphilo-romainville.org\/?p=1043","og:image":"https:\/\/maisondelaphilo-romainville.org\/wp-content\/uploads\/2023\/11\/cropped-cropped-Logo-Maison-de-la-Philo.png","og:image:secure_url":"https:\/\/maisondelaphilo-romainville.org\/wp-content\/uploads\/2023\/11\/cropped-cropped-Logo-Maison-de-la-Philo.png","og:image:width":862,"og:image:height":125,"article:published_time":"2018-05-16T08:47:59+00:00","article:modified_time":"2024-10-30T15:15:23+00:00","article:publisher":"https:\/\/www.facebook.com\/profile.php?id=61553872209837","twitter:card":"summary_large_image","twitter:title":"Le rendez-vous des p\u2019tits philosophes : \u201cla curiosit\u00e9 est-elle un vilain d\u00e9faut ?\u201d - Au fil de la pens\u00e9e, dans une ville philosophe !","twitter:description":"En mai et juin, chaque samedi matin de 11h \u00e0 12h30, la Maison de la Philo met en place le rendez-vous des p'tits philosophes. Le samedi 5 mai 2018, les enfants se sont pench\u00e9s sur la question : &quot;La curiosit\u00e9 est-elle un vilain d\u00e9faut ?&quot; Voici ce qu'ils en pensent : Rayan : &quot;La curiosit\u00e9 c'est","twitter:image":"https:\/\/maisondelaphilo-romainville.org\/wp-content\/uploads\/2023\/11\/cropped-cropped-Logo-Maison-de-la-Philo.png"},"aioseo_meta_data":{"post_id":"1043","title":null,"description":null,"keywords":null,"keyphrases":null,"primary_term":null,"canonical_url":null,"og_title":null,"og_description":null,"og_object_type":"default","og_image_type":"default","og_image_url":null,"og_image_width":null,"og_image_height":null,"og_image_custom_url":null,"og_image_custom_fields":null,"og_video":null,"og_custom_url":null,"og_article_section":null,"og_article_tags":null,"twitter_use_og":false,"twitter_card":"default","twitter_image_type":"default","twitter_image_url":null,"twitter_image_custom_url":null,"twitter_image_custom_fields":null,"twitter_title":null,"twitter_description":null,"schema":{"blockGraphs":[],"customGraphs":[],"default":{"data":{"Article":[],"Course":[],"Dataset":[],"FAQPage":[],"Movie":[],"Person":[],"Product":[],"ProductReview":[],"Car":[],"Recipe":[],"Service":[],"SoftwareApplication":[],"WebPage":[]},"graphName":"","isEnabled":true},"graphs":[]},"schema_type":"default","schema_type_options":null,"pillar_content":false,"robots_default":true,"robots_noindex":false,"robots_noarchive":false,"robots_nosnippet":false,"robots_nofollow":false,"robots_noimageindex":false,"robots_noodp":false,"robots_notranslate":false,"robots_max_snippet":null,"robots_max_videopreview":null,"robots_max_imagepreview":"large","priority":null,"frequency":null,"local_seo":null,"breadcrumb_settings":null,"limit_modified_date":false,"ai":null,"created":"2023-11-02 16:24:20","updated":"2025-06-04 14:33:25","seo_analyzer_scan_date":null,"focus_keyword":null,"additional_keywords":null,"truseo_locale":null},"aioseo_breadcrumb":"<div class=\"aioseo-breadcrumbs\"><span class=\"aioseo-breadcrumb\">\n\t\t\t<a href=\"https:\/\/maisondelaphilo-romainville.org\" title=\"Home\">Home<\/a>\n\t\t<\/span><span class=\"aioseo-breadcrumb-separator\">&raquo;<\/span><span class=\"aioseo-breadcrumb\">\n\t\t\t<a href=\"https:\/\/maisondelaphilo-romainville.org\/?cat=14\" title=\"Paroles de philosophes\">Paroles de philosophes<\/a>\n\t\t<\/span><span class=\"aioseo-breadcrumb-separator\">&raquo;<\/span><span class=\"aioseo-breadcrumb\">\n\t\t\t<a href=\"https:\/\/maisondelaphilo-romainville.org\/?cat=30\" title=\"Paroles d&#039;enfants\">Paroles d'enfants<\/a>\n\t\t<\/span><span class=\"aioseo-breadcrumb-separator\">&raquo;<\/span><span class=\"aioseo-breadcrumb\">\n\t\t\tLe rendez-vous des p\u2019tits philosophes : \u201cla curiosit\u00e9 est-elle un vilain d\u00e9faut ?\u201d\n\t\t<\/span><\/div>","aioseo_breadcrumb_json":[{"label":"Home","link":"https:\/\/maisondelaphilo-romainville.org"},{"label":"Paroles de philosophes","link":"https:\/\/maisondelaphilo-romainville.org\/?cat=14"},{"label":"Paroles d'enfants","link":"https:\/\/maisondelaphilo-romainville.org\/?cat=30"},{"label":"Le rendez-vous des p&#8217;tits philosophes : &#8220;la curiosit\u00e9 est-elle un vilain d\u00e9faut ?&#8221;","link":"https:\/\/maisondelaphilo-romainville.org\/?p=1043"}],"jetpack_featured_media_url":"","_links":{"self":[{"href":"https:\/\/maisondelaphilo-romainville.org\/index.php?rest_route=\/wp\/v2\/posts\/1043","targetHints":{"allow":["GET"]}}],"collection":[{"href":"https:\/\/maisondelaphilo-romainville.org\/index.php?rest_route=\/wp\/v2\/posts"}],"about":[{"href":"https:\/\/maisondelaphilo-romainville.org\/index.php?rest_route=\/wp\/v2\/types\/post"}],"author":[{"embeddable":true,"href":"https:\/\/maisondelaphilo-romainville.org\/index.php?rest_route=\/wp\/v2\/users\/1"}],"replies":[{"embeddable":true,"href":"https:\/\/maisondelaphilo-romainville.org\/index.php?rest_route=%2Fwp%2Fv2%2Fcomments&post=1043"}],"version-history":[{"count":1,"href":"https:\/\/maisondelaphilo-romainville.org\/index.php?rest_route=\/wp\/v2\/posts\/1043\/revisions"}],"predecessor-version":[{"id":5807,"href":"https:\/\/maisondelaphilo-romainville.org\/index.php?rest_route=\/wp\/v2\/posts\/1043\/revisions\/5807"}],"wp:attachment":[{"href":"https:\/\/maisondelaphilo-romainville.org\/index.php?rest_route=%2Fwp%2Fv2%2Fmedia&parent=1043"}],"wp:term":[{"taxonomy":"category","embeddable":true,"href":"https:\/\/maisondelaphilo-romainville.org\/index.php?rest_route=%2Fwp%2Fv2%2Fcategories&post=1043"},{"taxonomy":"post_tag","embeddable":true,"href":"https:\/\/maisondelaphilo-romainville.org\/index.php?rest_route=%2Fwp%2Fv2%2Ftags&post=1043"}],"curies":[{"name":"wp","href":"https:\/\/api.w.org\/{rel}","templated":true}]}}