{"id":1131,"date":"2018-09-13T11:36:58","date_gmt":"2018-09-13T10:36:58","guid":{"rendered":"http:\/\/maisondelaphilo-romainville.org\/?p=1131"},"modified":"2024-10-30T16:15:15","modified_gmt":"2024-10-30T15:15:15","slug":"les-rendez-vous-des-ptits-philosophes","status":"publish","type":"post","link":"https:\/\/maisondelaphilo-romainville.org\/?p=1131","title":{"rendered":"Les Rendez-vous des P&#8217;tits Philosophes"},"content":{"rendered":"<p>Bonjour \u00e0 toutes et \u00e0 tous,<\/p>\n<p>Cette ann\u00e9e il y a du nouveau \u00e0 la Maison de la Philo ! Nous sommes ravi.e.s\u00a0de vous pr\u00e9senter le nouveau programme des<strong> Rendez-vous des P&#8217;tits Philosophes<\/strong> !<\/p>\n<p style=\"text-align:justify;\">De quoi s&#8217;agit-il ?<br \/>\n<strong>D&#8217;ateliers de philosophie pour les enfants de <span style=\"text-decoration:underline;\">6 \u00e0 12 ans<\/span>, tous les <span style=\"text-decoration:underline;\">samedis<\/span> (hors p\u00e9riodes de vacances), de <span style=\"text-decoration:underline;\">11h \u00e0 12h30,<\/span> \u00e0 la Maison de la Philo, sur <span style=\"color:#00ccff;\">inscription obligatoire.<\/span><\/strong><\/p>\n<p>Tous les renseignements ci-dessous et ci-joint!<\/p>\n<p><a title=\"Programme des Rendez-vous des P'tits Philosophes 2018-2019\" href=\"https:\/\/maisondelaphiloromainvilledotorg.files.wordpress.com\/2018\/09\/programme-des-rendez-vous-des-ptits-philosophes-2018-2019.pdf\">Programme des Rendez-vous des P&#8217;tits Philosophes 2018-2019<\/a><\/p>\n<p><img loading=\"lazy\" decoding=\"async\" class=\"alignnone size-full wp-image-1133\" src=\"https:\/\/maisondelaphiloromainvilledotorg.files.wordpress.com\/2018\/09\/programme-des-rendez-vous-des-ptits-philosophes-2018-2019.png\" alt=\"Programme des Rendez-vous des P'tits Philosophes 2018-2019\" width=\"613\" height=\"890\" \/><\/p>\n","protected":false},"excerpt":{"rendered":"<p>Bonjour \u00e0 toutes et \u00e0 tous, Cette ann\u00e9e il y a du nouveau \u00e0 la Maison de la Philo ! Nous sommes ravi.e.s\u00a0de vous pr\u00e9senter le nouveau programme des Rendez-vous des P&#8217;tits Philosophes ! De quoi s&#8217;agit-il ? D&#8217;ateliers de philosophie pour les enfants de 6 \u00e0 12 ans, tous les samedis (hors p\u00e9riodes de&hellip; <a href=\"https:\/\/maisondelaphilo-romainville.org\/?p=1131\" class=\"more-link\">Continue reading <span class=\"screen-reader-text\">Les Rendez-vous des P&#8217;tits Philosophes<\/span><\/a><\/p>\n","protected":false},"author":1,"featured_media":0,"comment_status":"closed","ping_status":"open","sticky":false,"template":"","format":"standard","meta":{"iawp_total_views":1,"footnotes":""},"categories":[17],"tags":[],"class_list":["post-1131","post","type-post","status-publish","format-standard","hentry","category-philo-pour-enfants","without-featured-image"],"aioseo_notices":[],"jetpack_featured_media_url":"","_links":{"self":[{"href":"https:\/\/maisondelaphilo-romainville.org\/index.php?rest_route=\/wp\/v2\/posts\/1131","targetHints":{"allow":["GET"]}}],"collection":[{"href":"https:\/\/maisondelaphilo-romainville.org\/index.php?rest_route=\/wp\/v2\/posts"}],"about":[{"href":"https:\/\/maisondelaphilo-romainville.org\/index.php?rest_route=\/wp\/v2\/types\/post"}],"author":[{"embeddable":true,"href":"https:\/\/maisondelaphilo-romainville.org\/index.php?rest_route=\/wp\/v2\/users\/1"}],"replies":[{"embeddable":true,"href":"https:\/\/maisondelaphilo-romainville.org\/index.php?rest_route=%2Fwp%2Fv2%2Fcomments&post=1131"}],"version-history":[{"count":1,"href":"https:\/\/maisondelaphilo-romainville.org\/index.php?rest_route=\/wp\/v2\/posts\/1131\/revisions"}],"predecessor-version":[{"id":5796,"href":"https:\/\/maisondelaphilo-romainville.org\/index.php?rest_route=\/wp\/v2\/posts\/1131\/revisions\/5796"}],"wp:attachment":[{"href":"https:\/\/maisondelaphilo-romainville.org\/index.php?rest_route=%2Fwp%2Fv2%2Fmedia&parent=1131"}],"wp:term":[{"taxonomy":"category","embeddable":true,"href":"https:\/\/maisondelaphilo-romainville.org\/index.php?rest_route=%2Fwp%2Fv2%2Fcategories&post=1131"},{"taxonomy":"post_tag","embeddable":true,"href":"https:\/\/maisondelaphilo-romainville.org\/index.php?rest_route=%2Fwp%2Fv2%2Ftags&post=1131"}],"curies":[{"name":"wp","href":"https:\/\/api.w.org\/{rel}","templated":true}]}}