{"id":1295,"date":"2019-03-07T10:14:06","date_gmt":"2019-03-07T09:14:06","guid":{"rendered":"http:\/\/maisondelaphilo-romainville.org\/?p=1295"},"modified":"2024-10-30T16:15:05","modified_gmt":"2024-10-30T15:15:05","slug":"un-entretien-avec-la-pause-philo-en-janvier-2018","status":"publish","type":"post","link":"https:\/\/maisondelaphilo-romainville.org\/?p=1295","title":{"rendered":"Un entretien avec &#8220;La Pause Philo&#8221; en Janvier 2018"},"content":{"rendered":"<p style=\"text-align:justify;\"><strong>La Pause Philo<\/strong>, m\u00e9dia associatif d\u00e9mocratisant la philosophie aupr\u00e8s de tou.te.s, s&#8217;est propos\u00e9 de mener un entretien avec <strong>Johanna Hawken<\/strong>, responsable de la Maison de la Philo et porteuse du projet &#8220;Philo pour Tous&#8221; depuis 2009.<\/p>\n<p><img loading=\"lazy\" decoding=\"async\" class=\"  wp-image-1296 aligncenter\" src=\"https:\/\/maisondelaphiloromainvilledotorg.files.wordpress.com\/2019\/03\/imagepausephilo.jpg\" alt=\"ImagePausePhilo\" width=\"327\" height=\"327\" \/><\/p>\n<p style=\"text-align:justify;\">Et voici le lien de l&#8217;interview:\u00a0<a href=\"http:\/\/lapausephilo.fr\/2018\/01\/15\/johanna-hawken-philosophie-enfants\/#comments\">http:\/\/lapausephilo.fr\/2018\/01\/15\/johanna-hawken-philosophie-enfants\/#comments<\/a><\/p>\n<p style=\"text-align:justify;\">D\u00e9couvrez le site de La Pause Philo pour d\u00e9couvrir d&#8217;autres articles:\u00a0<a href=\"http:\/\/lapausephilo.fr\/\">http:\/\/lapausephilo.fr\/<\/a><\/p>\n<p>Bonne lecture!<\/p>\n<p style=\"text-align:justify;\">\n","protected":false},"excerpt":{"rendered":"<p>La Pause Philo, m\u00e9dia associatif d\u00e9mocratisant la philosophie aupr\u00e8s de tou.te.s, s&#8217;est propos\u00e9 de mener un entretien avec Johanna Hawken, responsable de la Maison de la Philo et porteuse du projet &#8220;Philo pour Tous&#8221; depuis 2009. Et voici le lien de l&#8217;interview:\u00a0http:\/\/lapausephilo.fr\/2018\/01\/15\/johanna-hawken-philosophie-enfants\/#comments D\u00e9couvrez le site de La Pause Philo pour d\u00e9couvrir d&#8217;autres articles:\u00a0http:\/\/lapausephilo.fr\/ Bonne lecture!<\/p>\n","protected":false},"author":1,"featured_media":0,"comment_status":"closed","ping_status":"open","sticky":false,"template":"","format":"standard","meta":{"iawp_total_views":1,"footnotes":""},"categories":[19],"tags":[],"class_list":["post-1295","post","type-post","status-publish","format-standard","hentry","category-revue-de-presse","without-featured-image"],"aioseo_notices":[],"aioseo_head":"\n\t\t<!-- All in One SEO 5.0.1.1 - aioseo.com -->\n\t<meta name=\"description\" content=\"La Pause Philo, m\u00e9dia associatif d\u00e9mocratisant la philosophie aupr\u00e8s de tou.te.s, s&#039;est propos\u00e9 de mener un entretien avec Johanna Hawken, responsable de la Maison de la Philo et porteuse du projet &quot;Philo pour Tous&quot; depuis 2009. Et voici le lien de l&#039;interview: http:\/\/lapausephilo.fr\/2018\/01\/15\/johanna-hawken-philosophie-enfants\/#comments D\u00e9couvrez le site de La Pause Philo pour d\u00e9couvrir d&#039;autres articles: http:\/\/lapausephilo.fr\/ Bonne lecture!\" \/>\n\t<meta name=\"robots\" content=\"max-image-preview:large\" \/>\n\t<meta name=\"author\" content=\"maisondelaphilo\"\/>\n\t<link rel=\"canonical\" href=\"https:\/\/maisondelaphilo-romainville.org\/?p=1295\" \/>\n\t<meta name=\"generator\" content=\"All in One SEO (AIOSEO) 5.0.1.1\" \/>\n\t\t<meta property=\"og:locale\" content=\"en_US\" \/>\n\t\t<meta property=\"og:site_name\" content=\"Au fil de la pens\u00e9e, dans une ville philosophe ! -\" \/>\n\t\t<meta property=\"og:type\" content=\"article\" \/>\n\t\t<meta property=\"og:title\" content=\"Un entretien avec \u201cLa Pause Philo\u201d en Janvier 2018 - Au fil de la pens\u00e9e, dans une ville philosophe !\" \/>\n\t\t<meta property=\"og:description\" content=\"La Pause Philo, m\u00e9dia associatif d\u00e9mocratisant la philosophie aupr\u00e8s de tou.te.s, s&#039;est propos\u00e9 de mener un entretien avec Johanna Hawken, responsable de la Maison de la Philo et porteuse du projet &quot;Philo pour Tous&quot; depuis 2009. Et voici le lien de l&#039;interview: http:\/\/lapausephilo.fr\/2018\/01\/15\/johanna-hawken-philosophie-enfants\/#comments D\u00e9couvrez le site de La Pause Philo pour d\u00e9couvrir d&#039;autres articles: http:\/\/lapausephilo.fr\/ Bonne lecture!\" \/>\n\t\t<meta property=\"og:url\" content=\"https:\/\/maisondelaphilo-romainville.org\/?p=1295\" \/>\n\t\t<meta property=\"og:image\" content=\"https:\/\/maisondelaphilo-romainville.org\/wp-content\/uploads\/2023\/11\/cropped-cropped-Logo-Maison-de-la-Philo.png\" \/>\n\t\t<meta property=\"og:image:secure_url\" content=\"https:\/\/maisondelaphilo-romainville.org\/wp-content\/uploads\/2023\/11\/cropped-cropped-Logo-Maison-de-la-Philo.png\" \/>\n\t\t<meta property=\"og:image:width\" content=\"862\" \/>\n\t\t<meta property=\"og:image:height\" content=\"125\" \/>\n\t\t<meta property=\"article:published_time\" content=\"2019-03-07T09:14:06+00:00\" \/>\n\t\t<meta property=\"article:modified_time\" content=\"2024-10-30T15:15:05+00:00\" \/>\n\t\t<meta property=\"article:publisher\" content=\"https:\/\/www.facebook.com\/profile.php?id=61553872209837\" \/>\n\t\t<meta name=\"twitter:card\" content=\"summary_large_image\" \/>\n\t\t<meta name=\"twitter:title\" content=\"Un entretien avec \u201cLa Pause Philo\u201d en Janvier 2018 - Au fil de la pens\u00e9e, dans une ville philosophe !\" \/>\n\t\t<meta name=\"twitter:description\" content=\"La Pause Philo, m\u00e9dia associatif d\u00e9mocratisant la philosophie aupr\u00e8s de tou.te.s, s&#039;est propos\u00e9 de mener un entretien avec Johanna Hawken, responsable de la Maison de la Philo et porteuse du projet &quot;Philo pour Tous&quot; depuis 2009. Et voici le lien de l&#039;interview: http:\/\/lapausephilo.fr\/2018\/01\/15\/johanna-hawken-philosophie-enfants\/#comments D\u00e9couvrez le site de La Pause Philo pour d\u00e9couvrir d&#039;autres articles: http:\/\/lapausephilo.fr\/ Bonne lecture!\" \/>\n\t\t<meta name=\"twitter:image\" content=\"https:\/\/maisondelaphilo-romainville.org\/wp-content\/uploads\/2023\/11\/cropped-cropped-Logo-Maison-de-la-Philo.png\" \/>\n\t\t<script type=\"application\/ld+json\" class=\"aioseo-schema\">\n\t\t\t{\"@context\":\"https:\\\/\\\/schema.org\",\"@graph\":[{\"@type\":\"BlogPosting\",\"@id\":\"https:\\\/\\\/maisondelaphilo-romainville.org\\\/?p=1295#blogposting\",\"name\":\"Un entretien avec \\u201cLa Pause Philo\\u201d en Janvier 2018 - Au fil de la pens\\u00e9e, dans une ville philosophe !\",\"headline\":\"Un entretien avec &#8220;La Pause Philo&#8221; en Janvier 2018\",\"author\":{\"@id\":\"https:\\\/\\\/maisondelaphilo-romainville.org\\\/?author=1#author\"},\"publisher\":{\"@id\":\"https:\\\/\\\/maisondelaphilo-romainville.org\\\/#organization\"},\"image\":{\"@type\":\"ImageObject\",\"url\":\"https:\\\/\\\/maisondelaphiloromainvilledotorg.files.wordpress.com\\\/2019\\\/03\\\/imagepausephilo.jpg\",\"@id\":\"https:\\\/\\\/maisondelaphilo-romainville.org\\\/?p=1295\\\/#articleImage\"},\"datePublished\":\"2019-03-07T10:14:06+01:00\",\"dateModified\":\"2024-10-30T16:15:05+01:00\",\"inLanguage\":\"en-US\",\"mainEntityOfPage\":{\"@id\":\"https:\\\/\\\/maisondelaphilo-romainville.org\\\/?p=1295#webpage\"},\"isPartOf\":{\"@id\":\"https:\\\/\\\/maisondelaphilo-romainville.org\\\/?p=1295#webpage\"},\"articleSection\":\"Revue de presse\"},{\"@type\":\"BreadcrumbList\",\"@id\":\"https:\\\/\\\/maisondelaphilo-romainville.org\\\/?p=1295#breadcrumblist\",\"itemListElement\":[{\"@type\":\"ListItem\",\"@id\":\"https:\\\/\\\/maisondelaphilo-romainville.org#listItem\",\"position\":1,\"name\":\"Home\",\"item\":\"https:\\\/\\\/maisondelaphilo-romainville.org\",\"nextItem\":{\"@type\":\"ListItem\",\"@id\":\"https:\\\/\\\/maisondelaphilo-romainville.org\\\/?cat=19#listItem\",\"name\":\"Revue de presse\"}},{\"@type\":\"ListItem\",\"@id\":\"https:\\\/\\\/maisondelaphilo-romainville.org\\\/?cat=19#listItem\",\"position\":2,\"name\":\"Revue de presse\",\"item\":\"https:\\\/\\\/maisondelaphilo-romainville.org\\\/?cat=19\",\"nextItem\":{\"@type\":\"ListItem\",\"@id\":\"https:\\\/\\\/maisondelaphilo-romainville.org\\\/?p=1295#listItem\",\"name\":\"Un entretien avec &#8220;La Pause Philo&#8221; en Janvier 2018\"},\"previousItem\":{\"@type\":\"ListItem\",\"@id\":\"https:\\\/\\\/maisondelaphilo-romainville.org#listItem\",\"name\":\"Home\"}},{\"@type\":\"ListItem\",\"@id\":\"https:\\\/\\\/maisondelaphilo-romainville.org\\\/?p=1295#listItem\",\"position\":3,\"name\":\"Un entretien avec &#8220;La Pause Philo&#8221; en Janvier 2018\",\"previousItem\":{\"@type\":\"ListItem\",\"@id\":\"https:\\\/\\\/maisondelaphilo-romainville.org\\\/?cat=19#listItem\",\"name\":\"Revue de presse\"}}]},{\"@type\":\"Organization\",\"@id\":\"https:\\\/\\\/maisondelaphilo-romainville.org\\\/#organization\",\"name\":\"La Maison de la Philo\",\"url\":\"https:\\\/\\\/maisondelaphilo-romainville.org\\\/\",\"logo\":{\"@type\":\"ImageObject\",\"url\":\"https:\\\/\\\/maisondelaphilo-romainville.org\\\/wp-content\\\/uploads\\\/2024\\\/05\\\/Logo-Maison-de-la-Philo-square.png\",\"@id\":\"https:\\\/\\\/maisondelaphilo-romainville.org\\\/?p=1295\\\/#organizationLogo\",\"width\":533,\"height\":267},\"image\":{\"@id\":\"https:\\\/\\\/maisondelaphilo-romainville.org\\\/?p=1295\\\/#organizationLogo\"},\"sameAs\":[\"https:\\\/\\\/www.facebook.com\\\/profile.php?id=61553872209837\",\"https:\\\/\\\/www.instagram.com\\\/maisondelaphilo93230\\\/\"]},{\"@type\":\"Person\",\"@id\":\"https:\\\/\\\/maisondelaphilo-romainville.org\\\/?author=1#author\",\"url\":\"https:\\\/\\\/maisondelaphilo-romainville.org\\\/?author=1\",\"name\":\"maisondelaphilo\",\"image\":{\"@type\":\"ImageObject\",\"@id\":\"https:\\\/\\\/maisondelaphilo-romainville.org\\\/?p=1295#authorImage\",\"url\":\"https:\\\/\\\/secure.gravatar.com\\\/avatar\\\/bc879b2bd103c3b4441a802726afa490a65771b6d5e0f23268ce1207153fee5d?s=96&d=mm&r=g\",\"width\":96,\"height\":96,\"caption\":\"maisondelaphilo\"}},{\"@type\":\"WebPage\",\"@id\":\"https:\\\/\\\/maisondelaphilo-romainville.org\\\/?p=1295#webpage\",\"url\":\"https:\\\/\\\/maisondelaphilo-romainville.org\\\/?p=1295\",\"name\":\"Un entretien avec \\u201cLa Pause Philo\\u201d en Janvier 2018 - Au fil de la pens\\u00e9e, dans une ville philosophe !\",\"description\":\"La Pause Philo, m\\u00e9dia associatif d\\u00e9mocratisant la philosophie aupr\\u00e8s de tou.te.s, s'est propos\\u00e9 de mener un entretien avec Johanna Hawken, responsable de la Maison de la Philo et porteuse du projet \\\"Philo pour Tous\\\" depuis 2009. Et voici le lien de l'interview: http:\\\/\\\/lapausephilo.fr\\\/2018\\\/01\\\/15\\\/johanna-hawken-philosophie-enfants\\\/#comments D\\u00e9couvrez le site de La Pause Philo pour d\\u00e9couvrir d'autres articles: http:\\\/\\\/lapausephilo.fr\\\/ Bonne lecture!\",\"inLanguage\":\"en-US\",\"isPartOf\":{\"@id\":\"https:\\\/\\\/maisondelaphilo-romainville.org\\\/#website\"},\"breadcrumb\":{\"@id\":\"https:\\\/\\\/maisondelaphilo-romainville.org\\\/?p=1295#breadcrumblist\"},\"author\":{\"@id\":\"https:\\\/\\\/maisondelaphilo-romainville.org\\\/?author=1#author\"},\"creator\":{\"@id\":\"https:\\\/\\\/maisondelaphilo-romainville.org\\\/?author=1#author\"},\"datePublished\":\"2019-03-07T10:14:06+01:00\",\"dateModified\":\"2024-10-30T16:15:05+01:00\"},{\"@type\":\"WebSite\",\"@id\":\"https:\\\/\\\/maisondelaphilo-romainville.org\\\/#website\",\"url\":\"https:\\\/\\\/maisondelaphilo-romainville.org\\\/\",\"name\":\"Au fil de la pens\\u00e9e, dans une ville philosophe !\",\"inLanguage\":\"en-US\",\"publisher\":{\"@id\":\"https:\\\/\\\/maisondelaphilo-romainville.org\\\/#organization\"}}]}\n\t\t<\/script>\n\t\t<!-- All in One SEO -->\n\n","aioseo_head_json":{"title":"Un entretien avec \u201cLa Pause Philo\u201d en Janvier 2018 - Au fil de la pens\u00e9e, dans une ville philosophe !","description":"La Pause Philo, m\u00e9dia associatif d\u00e9mocratisant la philosophie aupr\u00e8s de tou.te.s, s'est propos\u00e9 de mener un entretien avec Johanna Hawken, responsable de la Maison de la Philo et porteuse du projet \"Philo pour Tous\" depuis 2009. Et voici le lien de l'interview: http:\/\/lapausephilo.fr\/2018\/01\/15\/johanna-hawken-philosophie-enfants\/#comments D\u00e9couvrez le site de La Pause Philo pour d\u00e9couvrir d'autres articles: http:\/\/lapausephilo.fr\/ Bonne lecture!","canonical_url":"https:\/\/maisondelaphilo-romainville.org\/?p=1295","robots":"max-image-preview:large","keywords":"","webmasterTools":{"miscellaneous":""},"schema":{"@context":"https:\/\/schema.org","@graph":[{"@type":"BlogPosting","@id":"https:\/\/maisondelaphilo-romainville.org\/?p=1295#blogposting","name":"Un entretien avec \u201cLa Pause Philo\u201d en Janvier 2018 - Au fil de la pens\u00e9e, dans une ville philosophe !","headline":"Un entretien avec &#8220;La Pause Philo&#8221; en Janvier 2018","author":{"@id":"https:\/\/maisondelaphilo-romainville.org\/?author=1#author"},"publisher":{"@id":"https:\/\/maisondelaphilo-romainville.org\/#organization"},"image":{"@type":"ImageObject","url":"https:\/\/maisondelaphiloromainvilledotorg.files.wordpress.com\/2019\/03\/imagepausephilo.jpg","@id":"https:\/\/maisondelaphilo-romainville.org\/?p=1295\/#articleImage"},"datePublished":"2019-03-07T10:14:06+01:00","dateModified":"2024-10-30T16:15:05+01:00","inLanguage":"en-US","mainEntityOfPage":{"@id":"https:\/\/maisondelaphilo-romainville.org\/?p=1295#webpage"},"isPartOf":{"@id":"https:\/\/maisondelaphilo-romainville.org\/?p=1295#webpage"},"articleSection":"Revue de presse"},{"@type":"BreadcrumbList","@id":"https:\/\/maisondelaphilo-romainville.org\/?p=1295#breadcrumblist","itemListElement":[{"@type":"ListItem","@id":"https:\/\/maisondelaphilo-romainville.org#listItem","position":1,"name":"Home","item":"https:\/\/maisondelaphilo-romainville.org","nextItem":{"@type":"ListItem","@id":"https:\/\/maisondelaphilo-romainville.org\/?cat=19#listItem","name":"Revue de presse"}},{"@type":"ListItem","@id":"https:\/\/maisondelaphilo-romainville.org\/?cat=19#listItem","position":2,"name":"Revue de presse","item":"https:\/\/maisondelaphilo-romainville.org\/?cat=19","nextItem":{"@type":"ListItem","@id":"https:\/\/maisondelaphilo-romainville.org\/?p=1295#listItem","name":"Un entretien avec &#8220;La Pause Philo&#8221; en Janvier 2018"},"previousItem":{"@type":"ListItem","@id":"https:\/\/maisondelaphilo-romainville.org#listItem","name":"Home"}},{"@type":"ListItem","@id":"https:\/\/maisondelaphilo-romainville.org\/?p=1295#listItem","position":3,"name":"Un entretien avec &#8220;La Pause Philo&#8221; en Janvier 2018","previousItem":{"@type":"ListItem","@id":"https:\/\/maisondelaphilo-romainville.org\/?cat=19#listItem","name":"Revue de presse"}}]},{"@type":"Organization","@id":"https:\/\/maisondelaphilo-romainville.org\/#organization","name":"La Maison de la Philo","url":"https:\/\/maisondelaphilo-romainville.org\/","logo":{"@type":"ImageObject","url":"https:\/\/maisondelaphilo-romainville.org\/wp-content\/uploads\/2024\/05\/Logo-Maison-de-la-Philo-square.png","@id":"https:\/\/maisondelaphilo-romainville.org\/?p=1295\/#organizationLogo","width":533,"height":267},"image":{"@id":"https:\/\/maisondelaphilo-romainville.org\/?p=1295\/#organizationLogo"},"sameAs":["https:\/\/www.facebook.com\/profile.php?id=61553872209837","https:\/\/www.instagram.com\/maisondelaphilo93230\/"]},{"@type":"Person","@id":"https:\/\/maisondelaphilo-romainville.org\/?author=1#author","url":"https:\/\/maisondelaphilo-romainville.org\/?author=1","name":"maisondelaphilo","image":{"@type":"ImageObject","@id":"https:\/\/maisondelaphilo-romainville.org\/?p=1295#authorImage","url":"https:\/\/secure.gravatar.com\/avatar\/bc879b2bd103c3b4441a802726afa490a65771b6d5e0f23268ce1207153fee5d?s=96&d=mm&r=g","width":96,"height":96,"caption":"maisondelaphilo"}},{"@type":"WebPage","@id":"https:\/\/maisondelaphilo-romainville.org\/?p=1295#webpage","url":"https:\/\/maisondelaphilo-romainville.org\/?p=1295","name":"Un entretien avec \u201cLa Pause Philo\u201d en Janvier 2018 - Au fil de la pens\u00e9e, dans une ville philosophe !","description":"La Pause Philo, m\u00e9dia associatif d\u00e9mocratisant la philosophie aupr\u00e8s de tou.te.s, s'est propos\u00e9 de mener un entretien avec Johanna Hawken, responsable de la Maison de la Philo et porteuse du projet \"Philo pour Tous\" depuis 2009. Et voici le lien de l'interview: http:\/\/lapausephilo.fr\/2018\/01\/15\/johanna-hawken-philosophie-enfants\/#comments D\u00e9couvrez le site de La Pause Philo pour d\u00e9couvrir d'autres articles: http:\/\/lapausephilo.fr\/ Bonne lecture!","inLanguage":"en-US","isPartOf":{"@id":"https:\/\/maisondelaphilo-romainville.org\/#website"},"breadcrumb":{"@id":"https:\/\/maisondelaphilo-romainville.org\/?p=1295#breadcrumblist"},"author":{"@id":"https:\/\/maisondelaphilo-romainville.org\/?author=1#author"},"creator":{"@id":"https:\/\/maisondelaphilo-romainville.org\/?author=1#author"},"datePublished":"2019-03-07T10:14:06+01:00","dateModified":"2024-10-30T16:15:05+01:00"},{"@type":"WebSite","@id":"https:\/\/maisondelaphilo-romainville.org\/#website","url":"https:\/\/maisondelaphilo-romainville.org\/","name":"Au fil de la pens\u00e9e, dans une ville philosophe !","inLanguage":"en-US","publisher":{"@id":"https:\/\/maisondelaphilo-romainville.org\/#organization"}}]},"og:locale":"en_US","og:site_name":"Au fil de la pens\u00e9e, dans une ville philosophe ! -","og:type":"article","og:title":"Un entretien avec \u201cLa Pause Philo\u201d en Janvier 2018 - Au fil de la pens\u00e9e, dans une ville philosophe !","og:description":"La Pause Philo, m\u00e9dia associatif d\u00e9mocratisant la philosophie aupr\u00e8s de tou.te.s, s'est propos\u00e9 de mener un entretien avec Johanna Hawken, responsable de la Maison de la Philo et porteuse du projet &quot;Philo pour Tous&quot; depuis 2009. Et voici le lien de l'interview: http:\/\/lapausephilo.fr\/2018\/01\/15\/johanna-hawken-philosophie-enfants\/#comments D\u00e9couvrez le site de La Pause Philo pour d\u00e9couvrir d'autres articles: http:\/\/lapausephilo.fr\/ Bonne lecture!","og:url":"https:\/\/maisondelaphilo-romainville.org\/?p=1295","og:image":"https:\/\/maisondelaphilo-romainville.org\/wp-content\/uploads\/2023\/11\/cropped-cropped-Logo-Maison-de-la-Philo.png","og:image:secure_url":"https:\/\/maisondelaphilo-romainville.org\/wp-content\/uploads\/2023\/11\/cropped-cropped-Logo-Maison-de-la-Philo.png","og:image:width":862,"og:image:height":125,"article:published_time":"2019-03-07T09:14:06+00:00","article:modified_time":"2024-10-30T15:15:05+00:00","article:publisher":"https:\/\/www.facebook.com\/profile.php?id=61553872209837","twitter:card":"summary_large_image","twitter:title":"Un entretien avec \u201cLa Pause Philo\u201d en Janvier 2018 - Au fil de la pens\u00e9e, dans une ville philosophe !","twitter:description":"La Pause Philo, m\u00e9dia associatif d\u00e9mocratisant la philosophie aupr\u00e8s de tou.te.s, s'est propos\u00e9 de mener un entretien avec Johanna Hawken, responsable de la Maison de la Philo et porteuse du projet &quot;Philo pour Tous&quot; depuis 2009. Et voici le lien de l'interview: http:\/\/lapausephilo.fr\/2018\/01\/15\/johanna-hawken-philosophie-enfants\/#comments D\u00e9couvrez le site de La Pause Philo pour d\u00e9couvrir d'autres articles: http:\/\/lapausephilo.fr\/ Bonne lecture!","twitter:image":"https:\/\/maisondelaphilo-romainville.org\/wp-content\/uploads\/2023\/11\/cropped-cropped-Logo-Maison-de-la-Philo.png"},"aioseo_meta_data":{"post_id":"1295","title":null,"description":null,"keywords":null,"keyphrases":null,"primary_term":null,"canonical_url":null,"og_title":null,"og_description":null,"og_object_type":"default","og_image_type":"default","og_image_url":null,"og_image_width":null,"og_image_height":null,"og_image_custom_url":null,"og_image_custom_fields":null,"og_video":null,"og_custom_url":null,"og_article_section":null,"og_article_tags":null,"twitter_use_og":false,"twitter_card":"default","twitter_image_type":"default","twitter_image_url":null,"twitter_image_custom_url":null,"twitter_image_custom_fields":null,"twitter_title":null,"twitter_description":null,"schema":{"blockGraphs":[],"customGraphs":[],"default":{"data":{"Article":[],"Course":[],"Dataset":[],"FAQPage":[],"Movie":[],"Person":[],"Product":[],"ProductReview":[],"Car":[],"Recipe":[],"Service":[],"SoftwareApplication":[],"WebPage":[]},"graphName":"","isEnabled":true},"graphs":[]},"schema_type":"default","schema_type_options":null,"pillar_content":false,"robots_default":true,"robots_noindex":false,"robots_noarchive":false,"robots_nosnippet":false,"robots_nofollow":false,"robots_noimageindex":false,"robots_noodp":false,"robots_notranslate":false,"robots_max_snippet":null,"robots_max_videopreview":null,"robots_max_imagepreview":"large","priority":null,"frequency":null,"local_seo":null,"breadcrumb_settings":null,"limit_modified_date":false,"ai":null,"created":"2023-11-02 16:36:09","updated":"2025-06-04 14:36:26","seo_analyzer_scan_date":null,"focus_keyword":null,"additional_keywords":null,"truseo_locale":null},"aioseo_breadcrumb":"<div class=\"aioseo-breadcrumbs\"><span class=\"aioseo-breadcrumb\">\n\t\t\t<a href=\"https:\/\/maisondelaphilo-romainville.org\" title=\"Home\">Home<\/a>\n\t\t<\/span><span class=\"aioseo-breadcrumb-separator\">&raquo;<\/span><span class=\"aioseo-breadcrumb\">\n\t\t\t<a href=\"https:\/\/maisondelaphilo-romainville.org\/?cat=19\" title=\"Revue de presse\">Revue de presse<\/a>\n\t\t<\/span><span class=\"aioseo-breadcrumb-separator\">&raquo;<\/span><span class=\"aioseo-breadcrumb\">\n\t\t\tUn entretien avec \u201cLa Pause Philo\u201d en Janvier 2018\n\t\t<\/span><\/div>","aioseo_breadcrumb_json":[{"label":"Home","link":"https:\/\/maisondelaphilo-romainville.org"},{"label":"Revue de presse","link":"https:\/\/maisondelaphilo-romainville.org\/?cat=19"},{"label":"Un entretien avec &#8220;La Pause Philo&#8221; en Janvier 2018","link":"https:\/\/maisondelaphilo-romainville.org\/?p=1295"}],"jetpack_featured_media_url":"","_links":{"self":[{"href":"https:\/\/maisondelaphilo-romainville.org\/index.php?rest_route=\/wp\/v2\/posts\/1295","targetHints":{"allow":["GET"]}}],"collection":[{"href":"https:\/\/maisondelaphilo-romainville.org\/index.php?rest_route=\/wp\/v2\/posts"}],"about":[{"href":"https:\/\/maisondelaphilo-romainville.org\/index.php?rest_route=\/wp\/v2\/types\/post"}],"author":[{"embeddable":true,"href":"https:\/\/maisondelaphilo-romainville.org\/index.php?rest_route=\/wp\/v2\/users\/1"}],"replies":[{"embeddable":true,"href":"https:\/\/maisondelaphilo-romainville.org\/index.php?rest_route=%2Fwp%2Fv2%2Fcomments&post=1295"}],"version-history":[{"count":1,"href":"https:\/\/maisondelaphilo-romainville.org\/index.php?rest_route=\/wp\/v2\/posts\/1295\/revisions"}],"predecessor-version":[{"id":5019,"href":"https:\/\/maisondelaphilo-romainville.org\/index.php?rest_route=\/wp\/v2\/posts\/1295\/revisions\/5019"}],"wp:attachment":[{"href":"https:\/\/maisondelaphilo-romainville.org\/index.php?rest_route=%2Fwp%2Fv2%2Fmedia&parent=1295"}],"wp:term":[{"taxonomy":"category","embeddable":true,"href":"https:\/\/maisondelaphilo-romainville.org\/index.php?rest_route=%2Fwp%2Fv2%2Fcategories&post=1295"},{"taxonomy":"post_tag","embeddable":true,"href":"https:\/\/maisondelaphilo-romainville.org\/index.php?rest_route=%2Fwp%2Fv2%2Ftags&post=1295"}],"curies":[{"name":"wp","href":"https:\/\/api.w.org\/{rel}","templated":true}]}}