{"id":1395,"date":"2019-07-09T11:54:48","date_gmt":"2019-07-09T10:54:48","guid":{"rendered":"http:\/\/maisondelaphilo-romainville.org\/?p=1395"},"modified":"2024-10-30T16:14:52","modified_gmt":"2024-10-30T15:14:52","slug":"la-maison-de-la-philo-ferme-cet-ete-et-demenage-du-7-juillet-au-7-septembre-2019","status":"publish","type":"post","link":"https:\/\/maisondelaphilo-romainville.org\/?p=1395","title":{"rendered":"La Maison de la Philo ferme cet \u00e9t\u00e9 et d\u00e9m\u00e9nage&#8230; du 7 juillet au 28 septembre 2019 !"},"content":{"rendered":"<p style=\"text-align:justify;\">La Maison de la Philo sera ferm\u00e9e \u00e0 partir du 7 juillet et rouvrira le <span style=\"color:#000000;\"><strong>samedi 28 septembre<\/strong><\/span>. Depuis 5 ans, elle \u00e9tait situ\u00e9e au 2\u00e8me \u00e9tage de la M\u00e9diath\u00e8que de Romainville : elle d\u00e9m\u00e9nage et refait peau neuve !<\/p>\n<p style=\"text-align:justify;\">\u00c0 partir de la rentr\u00e9e, elle prendra place au <span style=\"color:#000000;\"><strong>28 avenue Paul Vaillant-Couturier<\/strong><\/span>, dans le Pavillon !<\/p>\n<p style=\"text-align:justify;\">Un nouvel espace, pignon sur rue : un lieu convivial et ludique d\u00e9di\u00e9 \u00e0 la philosophie, sous toutes ses formes !<\/p>\n<p style=\"text-align:justify;\">Bon \u00e9t\u00e9 \u00e0 tous !<\/p>\n<p style=\"text-align:justify;\">L&#8217;\u00e9quipe de la Maison de la Philo<\/p>\n","protected":false},"excerpt":{"rendered":"<p>La Maison de la Philo sera ferm\u00e9e \u00e0 partir du 7 juillet et rouvrira le samedi 28 septembre. Depuis 5 ans, elle \u00e9tait situ\u00e9e au 2\u00e8me \u00e9tage de la M\u00e9diath\u00e8que de Romainville : elle d\u00e9m\u00e9nage et refait peau neuve ! \u00c0 partir de la rentr\u00e9e, elle prendra place au 28 avenue Paul Vaillant-Couturier, dans le&hellip; <a href=\"https:\/\/maisondelaphilo-romainville.org\/?p=1395\" class=\"more-link\">Continue reading <span class=\"screen-reader-text\">La Maison de la Philo ferme cet \u00e9t\u00e9 et d\u00e9m\u00e9nage&#8230; du 7 juillet au 28 septembre 2019 !<\/span><\/a><\/p>\n","protected":false},"author":1,"featured_media":0,"comment_status":"closed","ping_status":"open","sticky":false,"template":"","format":"standard","meta":{"iawp_total_views":14,"footnotes":""},"categories":[12],"tags":[],"class_list":["post-1395","post","type-post","status-publish","format-standard","hentry","category-non-classe","without-featured-image"],"aioseo_notices":[],"jetpack_featured_media_url":"","_links":{"self":[{"href":"https:\/\/maisondelaphilo-romainville.org\/index.php?rest_route=\/wp\/v2\/posts\/1395","targetHints":{"allow":["GET"]}}],"collection":[{"href":"https:\/\/maisondelaphilo-romainville.org\/index.php?rest_route=\/wp\/v2\/posts"}],"about":[{"href":"https:\/\/maisondelaphilo-romainville.org\/index.php?rest_route=\/wp\/v2\/types\/post"}],"author":[{"embeddable":true,"href":"https:\/\/maisondelaphilo-romainville.org\/index.php?rest_route=\/wp\/v2\/users\/1"}],"replies":[{"embeddable":true,"href":"https:\/\/maisondelaphilo-romainville.org\/index.php?rest_route=%2Fwp%2Fv2%2Fcomments&post=1395"}],"version-history":[{"count":1,"href":"https:\/\/maisondelaphilo-romainville.org\/index.php?rest_route=\/wp\/v2\/posts\/1395\/revisions"}],"predecessor-version":[{"id":5001,"href":"https:\/\/maisondelaphilo-romainville.org\/index.php?rest_route=\/wp\/v2\/posts\/1395\/revisions\/5001"}],"wp:attachment":[{"href":"https:\/\/maisondelaphilo-romainville.org\/index.php?rest_route=%2Fwp%2Fv2%2Fmedia&parent=1395"}],"wp:term":[{"taxonomy":"category","embeddable":true,"href":"https:\/\/maisondelaphilo-romainville.org\/index.php?rest_route=%2Fwp%2Fv2%2Fcategories&post=1395"},{"taxonomy":"post_tag","embeddable":true,"href":"https:\/\/maisondelaphilo-romainville.org\/index.php?rest_route=%2Fwp%2Fv2%2Ftags&post=1395"}],"curies":[{"name":"wp","href":"https:\/\/api.w.org\/{rel}","templated":true}]}}