{"id":1408,"date":"2019-10-04T09:54:35","date_gmt":"2019-10-04T08:54:35","guid":{"rendered":"http:\/\/maisondelaphilo-romainville.org\/?p=1408"},"modified":"2024-10-30T16:14:52","modified_gmt":"2024-10-30T15:14:52","slug":"programme-2019-2020-de-la-maison-de-la-philo","status":"publish","type":"post","link":"https:\/\/maisondelaphilo-romainville.org\/?p=1408","title":{"rendered":"Programme 2019\/2020 de la Maison de la Philo !"},"content":{"rendered":"<p style=\"font-weight:400;text-align:justify;\">Bonjour \u00e0 tous,<\/p>\n<p style=\"font-weight:400;text-align:justify;\">C&#8217;est la rentr\u00e9e philosophique et nous sommes ravis de vous pr\u00e9senter le&nbsp;<span style=\"color:#ff6600;\">nouveau programme annuel de la Maison de la Philo&nbsp;<\/span>(ci-joint) !<\/p>\n<p style=\"text-align:justify;\">\n<p style=\"text-align:justify;\"><img loading=\"lazy\" decoding=\"async\" class=\" size-full wp-image-1413 aligncenter\" src=\"https:\/\/maisondelaphiloromainvilledotorg.files.wordpress.com\/2019\/10\/image-programme-2019-2020.png\" alt=\"Image programme 2019-2020\" width=\"329\" height=\"464\"><\/p>\n<p style=\"font-weight:400;text-align:justify;\">Vous y trouverez un panorama de l&#8217;ensemble des activit\u00e9s philosophiques : celles qui sont ouvertes au public et celles qui sont mises en place dans les structures de la ville.<\/p>\n<p style=\"font-weight:400;text-align:justify;\">En plus des activit\u00e9s habituelles enfant et adulte, nous sommes fiers de vous pr\u00e9senter plusieurs nouveaut\u00e9s :<\/p>\n<p style=\"font-weight:400;text-align:justify;\"><span style=\"color:#ff6600;\">&#8211; Ateliers PhiloLABO pour les 9-13 ans<\/span><\/p>\n<p style=\"font-weight:400;text-align:justify;\"><span style=\"color:#ff6600;\">&#8211; Rencontres Eveil Philo pour les 4-6 ans<\/span><\/p>\n<p style=\"font-weight:400;text-align:justify;\"><span style=\"color:#ff6600;\">&#8211; Conf\u00e9rences Histoires de pens\u00e9e pour les adultes<\/span><\/p>\n<p style=\"font-weight:400;text-align:justify;\"><span style=\"color:#ff6600;\">&#8211; Cin\u00e9-Philo Adulte au Trianon<\/span><\/p>\n<p style=\"font-weight:400;text-align:justify;\"><span style=\"color:#ff6600;\">&#8211; Philo-th\u00e9\u00e2tre enfant et adulte<\/span><\/p>\n<p style=\"text-align:justify;\"><span style=\"color:#ff6600;\">&#8230; et d&#8217;autres encore !<\/span><\/p>\n<p style=\"font-size:16px;font-weight:400;text-align:justify;\">Vous trouverez \u00e9galement la pr\u00e9sentation de notre<span style=\"color:#ff6600;\">&nbsp;formation d\u00e9di\u00e9e \u00e0 tous les acteurs de l&#8217;\u00e9ducation et de la culture de Seine Saint-Denis<\/span>&nbsp;: 6 journ\u00e9es pour s&#8217;initier \u00e0 l&#8217;animation d&#8217;ateliers philosophiques avec les enfants de 5 \u00e0 16 ans.<\/p>\n<p style=\"font-size:16px;font-weight:400;text-align:justify;\">Nous sommes d\u00e9sormais&nbsp;ouverts&nbsp;<span style=\"color:#ff6600;\">du mardi au samedi de 14h \u00e0 18h&nbsp;<span style=\"color:#333333;\">pour les emprunts des livres de philosophie (avec la carte de la m\u00e9diath\u00e8que de la ville) et l&#8217;accueil libre d&#8217;ateliers &#8220;Philo sur le pouce&#8221; avec les enfants et adolescents !&nbsp;<\/span><\/span><\/p>\n<p style=\"text-align:center;\"><span style=\"color:#333333;\"><strong>Ci-dessous, le programme complet de nos activit\u00e9s:<\/strong><\/span><\/p>\n<h3 style=\"font-weight:400;text-align:center;\"><a title=\"guide-philo-2019-2020\" href=\"https:\/\/maisondelaphiloromainvilledotorg.files.wordpress.com\/2019\/10\/guide-philo-2019-2020.pdf\">Guide des activit\u00e9s de la Maison de la Philo 2019\/2020 (pdf)<\/a><\/h3>\n","protected":false},"excerpt":{"rendered":"<p>Bonjour \u00e0 tous, C&#8217;est la rentr\u00e9e philosophique et nous sommes ravis de vous pr\u00e9senter le&nbsp;nouveau programme annuel de la Maison de la Philo&nbsp;(ci-joint) ! Vous y trouverez un panorama de l&#8217;ensemble des activit\u00e9s philosophiques : celles qui sont ouvertes au public et celles qui sont mises en place dans les structures de la ville. En&hellip; <a href=\"https:\/\/maisondelaphilo-romainville.org\/?p=1408\" class=\"more-link\">Continue reading <span class=\"screen-reader-text\">Programme 2019\/2020 de la Maison de la Philo !<\/span><\/a><\/p>\n","protected":false},"author":1,"featured_media":0,"comment_status":"closed","ping_status":"open","sticky":false,"template":"","format":"standard","meta":{"iawp_total_views":7,"footnotes":""},"categories":[12,20],"tags":[],"class_list":["post-1408","post","type-post","status-publish","format-standard","hentry","category-non-classe","category-romainville-philosophe","without-featured-image"],"aioseo_notices":[],"jetpack_featured_media_url":"","_links":{"self":[{"href":"https:\/\/maisondelaphilo-romainville.org\/index.php?rest_route=\/wp\/v2\/posts\/1408","targetHints":{"allow":["GET"]}}],"collection":[{"href":"https:\/\/maisondelaphilo-romainville.org\/index.php?rest_route=\/wp\/v2\/posts"}],"about":[{"href":"https:\/\/maisondelaphilo-romainville.org\/index.php?rest_route=\/wp\/v2\/types\/post"}],"author":[{"embeddable":true,"href":"https:\/\/maisondelaphilo-romainville.org\/index.php?rest_route=\/wp\/v2\/users\/1"}],"replies":[{"embeddable":true,"href":"https:\/\/maisondelaphilo-romainville.org\/index.php?rest_route=%2Fwp%2Fv2%2Fcomments&post=1408"}],"version-history":[{"count":1,"href":"https:\/\/maisondelaphilo-romainville.org\/index.php?rest_route=\/wp\/v2\/posts\/1408\/revisions"}],"predecessor-version":[{"id":4999,"href":"https:\/\/maisondelaphilo-romainville.org\/index.php?rest_route=\/wp\/v2\/posts\/1408\/revisions\/4999"}],"wp:attachment":[{"href":"https:\/\/maisondelaphilo-romainville.org\/index.php?rest_route=%2Fwp%2Fv2%2Fmedia&parent=1408"}],"wp:term":[{"taxonomy":"category","embeddable":true,"href":"https:\/\/maisondelaphilo-romainville.org\/index.php?rest_route=%2Fwp%2Fv2%2Fcategories&post=1408"},{"taxonomy":"post_tag","embeddable":true,"href":"https:\/\/maisondelaphilo-romainville.org\/index.php?rest_route=%2Fwp%2Fv2%2Ftags&post=1408"}],"curies":[{"name":"wp","href":"https:\/\/api.w.org\/{rel}","templated":true}]}}