{"id":1544,"date":"2019-10-23T10:28:02","date_gmt":"2019-10-23T09:28:02","guid":{"rendered":"http:\/\/maisondelaphilo-romainville.org\/?p=1544"},"modified":"2024-10-30T16:14:52","modified_gmt":"2024-10-30T15:14:52","slug":"les-rencontres-eveil-petite-philo","status":"publish","type":"post","link":"https:\/\/maisondelaphilo-romainville.org\/?p=1544","title":{"rendered":"Les &#8220;Rencontres Eveil Petite Philo&#8221;"},"content":{"rendered":"<p style=\"text-align:justify;\"><span style=\"color:#ff6600;\">D\u00e8s l&#8217;\u00e2ge de 4 ans, les enfants se posent des questions immenses, intenses et signifiantes. La curiosit\u00e9 philosophique na\u00eet et il est important de l&#8217;accueillir. C&#8217;est pourquoi nous proposons cinq rendez-vous d\u00e9di\u00e9s aux tout-petits, \u00e0 la Maison de la Philo. L&#8217;objectif ? Leur proposer des activit\u00e9s d&#8217;\u00e9veil \u00e0 la philosophie, gr\u00e2ce \u00e0 des outils singuliers : images, histoires, jeux p\u00e9dagogiques et ludiques&#8230; L&#8217;activit\u00e9 est ouverte aux familles et centres de loisirs maternels. <\/span><\/p>\n<p><span style=\"text-decoration:underline;\"><strong>En un mot :<\/strong><\/span><\/p>\n<ul>\n<li style=\"text-align:justify;\"><strong>Un mercredi par mois \u00e0 15h, pour les tout-petits accompagn\u00e9s d&#8217;un adulte<\/strong><\/li>\n<li style=\"text-align:justify;\"><strong>Une p\u00e9dagogie adapt\u00e9e aux 3\/6 ans<\/strong><\/li>\n<li style=\"text-align:justify;\"><strong>L&#8217;occasion d&#8217;\u00eatre t\u00e9moin d&#8217;un monde philosophique naissant !<\/strong><\/li>\n<\/ul>\n<p style=\"text-align:left;\"><strong>Rendez-vous \u00e0 15h les mercredis :<\/strong><\/p>\n<ul>\n<li style=\"text-align:left;\"><span style=\"color:#3366ff;\">13 novembre 2019<\/span><\/li>\n<li style=\"text-align:left;\"><span style=\"color:#3366ff;\">11 d\u00e9cembre<\/span><\/li>\n<li style=\"text-align:left;\"><span style=\"color:#3366ff;\">15 janvier 2020<\/span><\/li>\n<li style=\"text-align:left;\"><span style=\"color:#3366ff;\">12 f\u00e9vrier<\/span><\/li>\n<li style=\"text-align:left;\"><span style=\"color:#3366ff;\">11 mars <\/span><\/li>\n<li style=\"text-align:left;\"><span style=\"color:#3366ff;\">8 avril<\/span><\/li>\n<li style=\"text-align:left;\"><span style=\"color:#3366ff;\">13 mai<\/span><\/li>\n<li style=\"text-align:left;\"><span style=\"color:#3366ff;\">10 juin<\/span><\/li>\n<\/ul>\n","protected":false},"excerpt":{"rendered":"<p>D\u00e8s l&#8217;\u00e2ge de 4 ans, les enfants se posent des questions immenses, intenses et signifiantes. La curiosit\u00e9 philosophique na\u00eet et il est important de l&#8217;accueillir. C&#8217;est pourquoi nous proposons cinq rendez-vous d\u00e9di\u00e9s aux tout-petits, \u00e0 la Maison de la Philo. L&#8217;objectif ? Leur proposer des activit\u00e9s d&#8217;\u00e9veil \u00e0 la philosophie, gr\u00e2ce \u00e0 des outils singuliers&hellip; <a href=\"https:\/\/maisondelaphilo-romainville.org\/?p=1544\" class=\"more-link\">Continue reading <span class=\"screen-reader-text\">Les &#8220;Rencontres Eveil Petite Philo&#8221;<\/span><\/a><\/p>\n","protected":false},"author":1,"featured_media":0,"comment_status":"closed","ping_status":"open","sticky":false,"template":"","format":"standard","meta":{"iawp_total_views":5,"footnotes":""},"categories":[12,17],"tags":[],"class_list":["post-1544","post","type-post","status-publish","format-standard","hentry","category-non-classe","category-philo-pour-enfants","without-featured-image"],"aioseo_notices":[],"jetpack_featured_media_url":"","_links":{"self":[{"href":"https:\/\/maisondelaphilo-romainville.org\/index.php?rest_route=\/wp\/v2\/posts\/1544","targetHints":{"allow":["GET"]}}],"collection":[{"href":"https:\/\/maisondelaphilo-romainville.org\/index.php?rest_route=\/wp\/v2\/posts"}],"about":[{"href":"https:\/\/maisondelaphilo-romainville.org\/index.php?rest_route=\/wp\/v2\/types\/post"}],"author":[{"embeddable":true,"href":"https:\/\/maisondelaphilo-romainville.org\/index.php?rest_route=\/wp\/v2\/users\/1"}],"replies":[{"embeddable":true,"href":"https:\/\/maisondelaphilo-romainville.org\/index.php?rest_route=%2Fwp%2Fv2%2Fcomments&post=1544"}],"version-history":[{"count":1,"href":"https:\/\/maisondelaphilo-romainville.org\/index.php?rest_route=\/wp\/v2\/posts\/1544\/revisions"}],"predecessor-version":[{"id":4992,"href":"https:\/\/maisondelaphilo-romainville.org\/index.php?rest_route=\/wp\/v2\/posts\/1544\/revisions\/4992"}],"wp:attachment":[{"href":"https:\/\/maisondelaphilo-romainville.org\/index.php?rest_route=%2Fwp%2Fv2%2Fmedia&parent=1544"}],"wp:term":[{"taxonomy":"category","embeddable":true,"href":"https:\/\/maisondelaphilo-romainville.org\/index.php?rest_route=%2Fwp%2Fv2%2Fcategories&post=1544"},{"taxonomy":"post_tag","embeddable":true,"href":"https:\/\/maisondelaphilo-romainville.org\/index.php?rest_route=%2Fwp%2Fv2%2Ftags&post=1544"}],"curies":[{"name":"wp","href":"https:\/\/api.w.org\/{rel}","templated":true}]}}