{"id":1668,"date":"2019-12-04T11:35:11","date_gmt":"2019-12-04T10:35:11","guid":{"rendered":"http:\/\/maisondelaphilo-romainville.org\/?p=1668"},"modified":"2024-10-30T16:14:42","modified_gmt":"2024-10-30T15:14:42","slug":"rendez-vous-des-ptits-philosophes-du-samedi-30-novembre-lidentite","status":"publish","type":"post","link":"https:\/\/maisondelaphilo-romainville.org\/?p=1668","title":{"rendered":"Rendez-vous des P&#8217;tits Philosophes du samedi 30 novembre: L&#8217;Identit\u00e9"},"content":{"rendered":"<p style=\"text-align:justify;\"><span style=\"color:#000000;\">Samedi 30 novembre \u00e0 11h, les petits philosophes \u00e2g\u00e9s de 6 \u00e0 12 ans ont r\u00e9fl\u00e9chi ensemble sur la notion d&#8217;<strong><span style=\"color:#993366;\">Identit\u00e9<\/span><\/strong> et sur ce qui la compose. Ci-dessous, le d\u00e9roul\u00e9 de l&#8217;atelier et leurs id\u00e9es marquantes !\u00a0<\/span><\/p>\n<p style=\"text-align:justify;\"><span style=\"color:#000000;\">Nous avons commenc\u00e9 par un petit jeu dans lequel chaque \u00e9quipe devait faire la liste de 5 ingr\u00e9dients qui composent l&#8217;identit\u00e9 d&#8217;une personne. Quelques belles id\u00e9es ont \u00e9merg\u00e9 telles que : <em><strong>le statut dans la soci\u00e9t\u00e9, les projets, les origines, le caract\u00e8re, les go\u00fbts et attitudes&#8230;\u00a0<\/strong><\/em><\/span><\/p>\n<p style=\"text-align:justify;\"><span style=\"color:#000000;\">Puis est venu le moment de discussion :<\/span><\/p>\n<ul style=\"text-align:justify;\">\n<li style=\"text-align:justify;\"><strong><span style=\"color:#993366;\">Qu&#8217;est-ce que l&#8217;identit\u00e9 d&#8217;une personne ?<\/span><\/strong><\/li>\n<\/ul>\n<p style=\"text-align:justify;\">&#8211; &#8220;<em>C&#8217;est quand tu d\u00e9finis quelqu&#8217;un. C&#8217;est comme si tu le voyais et que tu <strong>d\u00e9crivais comment il est<\/strong><\/em>.&#8221; Aou\u00e8s<\/p>\n<p style=\"text-align:justify;\">&#8211; &#8220;<em>L&#8217;identit\u00e9 d&#8217;une personne, c&#8217;est ce qu&#8217;elle a v\u00e9cu, ce qu&#8217;elle a endur\u00e9, ce qu&#8217;elle a vu, ce qu&#8217;elle a entendu, ce qu&#8217;elle a appris de ses erreurs. <strong>Les erreurs, \u00e7a peut changer des minis choses de notre caract\u00e8re.&#8221;<\/strong><\/em>\u00a0Achille<\/p>\n<p style=\"text-align:justify;\">&#8211; &#8220;<em>Pour certains, c&#8217;est l&#8217;apparence, le savoir-faire, la personnalit\u00e9, le caract\u00e8re. <strong>C&#8217;est ce qui fait qu&#8217;on est nous et pas quelqu&#8217;un d&#8217;autre<\/strong>.<\/em>&#8221; H\u00e9lo\u00efse<\/p>\n<p style=\"text-align:justify;\">&#8211; &#8220;<em>Ce sont des choses qui ne doivent pas changer et des choses qui vont changer. Il y a plus de choses qui ne changent pas car dans &#8216;<strong>identit\u00e9&#8217;<\/strong>, il y a &#8216;<strong>identique'&#8221;<\/strong><\/em>. Yassine<\/p>\n<p style=\"text-align:justify;\">&#8211; &#8220;<em>L&#8217;identit\u00e9, c&#8217;est <strong>notre personne \u00e0 nous, c&#8217;est nous, ce qu&#8217;on est<\/strong>. C&#8217;est ce \u00e0 quoi on ressemble.<\/em>&#8221; Chedi<\/p>\n<p style=\"text-align:justify;\">&#8211; &#8220;<em>L&#8217;identit\u00e9, c&#8217;est quelque chose <strong>qui nous rend unique<\/strong>.<\/em>&#8221; Nils<\/p>\n<ul style=\"text-align:justify;\">\n<li style=\"text-align:justify;\"><strong><span style=\"color:#993366;\">Identit\u00e9 changeante ?\u00a0<\/span><\/strong><\/li>\n<\/ul>\n<p style=\"text-align:justify;\">&#8211; &#8220;<em>On change pas tr\u00e8s tr\u00e8s souvent. On a une habitude, quelque chose de grave se passe et l\u00e0 on change de caract\u00e8re. I<strong>l y a beaucoup de choses qui changent \u00e0 cause des \u00e9v\u00e9nements<\/strong>. Il y a pleins de petites choses qui nous apprennent de nos erreurs et qui rentrent dans notre caract\u00e8re.&#8221; <\/em>Achille<\/p>\n<p style=\"text-align:justify;\">&#8211; &#8220;<em>L&#8217;identit\u00e9 change tous les jours, c&#8217;est une <strong>tr\u00e8s br\u00e8ve d\u00e9finition de la personne<\/strong>.<\/em>&#8221; Amaranthe<\/p>\n<p style=\"text-align:justify;\">&#8211; &#8220;<em>Dans l&#8217;identit\u00e9, tu peux te rendre compte qu&#8217;il y a des changements.<\/em>&#8221; Carla<\/p>\n<p style=\"text-align:justify;\">&#8211; &#8220;<em>Dans <strong>l&#8217;\u00e2ge<\/strong>, il y a une chose change et une chose qui ne changera jamais. L&#8217;\u00e2ge qu&#8217;on a, change ; le moment o\u00f9 on est n\u00e9, \u00e7a ne changera jamais.<\/em>&#8221; Yassine<\/p>\n<p style=\"text-align:justify;\">&#8211; &#8220;<em>Entre la maternelle et le CM2, j&#8217;ai chang\u00e9 donc l&#8217;apparence ne compte pas tellement dans l&#8217;identit\u00e9<\/em>.&#8221; Ma\u00efa<\/p>\n<p style=\"text-align:justify;\"><span style=\"color:#000000;\">Pour illustrer cette question sur l&#8217;identit\u00e9 changeante, une petite exp\u00e9rience de pens\u00e9e\u00a0sur le <span style=\"color:#993366;\"><strong>Mythe du Bateau de Th\u00e9s\u00e9e<\/strong><\/span> est venue agr\u00e9menter la discussion !<\/span><\/p>\n<p style=\"text-align:justify;\"><img loading=\"lazy\" decoding=\"async\" class=\" size-full wp-image-1673 aligncenter\" src=\"https:\/\/maisondelaphiloromainvilledotorg.files.wordpress.com\/2019\/12\/thc3a9sc3a9e2.png\" alt=\"Th\u00e9s\u00e9e2\" width=\"631\" height=\"382\" \/><\/p>\n<p style=\"text-align:justify;\"><span style=\"color:#000000;\">En quelques mots, l&#8217;histoire est la suivante:<\/span> <em>Th\u00e9s\u00e9e, connu pour son combat contre le minotaure (mi-homme, mi-taureau) et ses exploits victorieux sur les flots, a longtemps \u00e9t\u00e9 v\u00e9n\u00e9r\u00e9 par les ath\u00e9niens qui ont d\u00e9cid\u00e9 de garder fi\u00e8rement en souvenir la bateau avec lequel il a navigu\u00e9. Le temps passe et le bateau se fatigue. Les pi\u00e8ces du bateau sont donc peu \u00e0 peu remplac\u00e9es, \u00e0 tel point qu&#8217;il ne reste plus aucune pi\u00e8ce d&#8217;origine<\/em>.<\/p>\n<p style=\"text-align:justify;\"><span style=\"color:#000000;\">La question est donc la suivante: <span style=\"color:#993366;\"><strong>Est-ce que ce bateau est toujours le bateau de Th\u00e9s\u00e9e?<\/strong><\/span> Voici les r\u00e9ponses des enfants philosophes:<\/span><\/p>\n<p style=\"text-align:justify;\">&#8211; &#8220;<em>C&#8217;est plus le m\u00eame car si Th\u00e9s\u00e9e revient sur le bateau, il ne retrouvera plus les m\u00eames odeurs, <strong>il ne sera plus \u00e0 l&#8217;aise<\/strong><\/em>.&#8221; Ma\u00efa<\/p>\n<p style=\"text-align:justify;\">&#8211; &#8220;<em>C&#8217;est le bateau de Th\u00e9s\u00e9e mais ce n&#8217;est pas le m\u00eame. <strong>Il est identique, il a la m\u00eame forme mais il n&#8217;a pas les m\u00eames pi\u00e8ces: il n&#8217;a pas la m\u00eame identit\u00e9<\/strong>.<\/em>&#8221; Yassine<\/p>\n<p style=\"text-align:justify;\">&#8211; &#8220;<strong><em>C&#8217;est le bateau de Th\u00e9s\u00e9e en apparence mais ce n&#8217;est plus le bateau de Th\u00e9s\u00e9e<\/em><\/strong>.&#8221; H\u00e9lo\u00efse<\/p>\n<p style=\"text-align:justify;\">&#8211; &#8220;<em>Ce n&#8217;est pas le bateau de Th\u00e9s\u00e9e, <strong>il n&#8217;a pas march\u00e9 sur ces planches<\/strong><\/em>.&#8221; Achille<\/p>\n<p style=\"text-align:justify;\"><span style=\"color:#000000;\">En lien avec l&#8217;identit\u00e9 et \u00e0 l&#8217;image du bateau de Th\u00e9s\u00e9e, nous changeons constamment. <span style=\"color:#993366;\"><strong>Tous ces changements, font-ils que nous devenons une autre personne?\u00a0<\/strong><\/span><\/span><\/p>\n<p style=\"text-align:justify;\">&#8211; &#8220;<em>On change physiquement mais, <strong>au fond, on reste la m\u00eame personne.<\/strong><\/em>&#8221; Ma\u00efa<\/p>\n<p style=\"text-align:justify;\">&#8211; &#8220;<em>On va peut-\u00eatre changer d&#8217;apparence physique mais <strong>\u00e0 l&#8217;int\u00e9rieur de nous, on reste la m\u00eame personne<\/strong><\/em><strong>.<\/strong>&#8221; Nils<\/p>\n<p style=\"text-align:justify;\"><span style=\"color:#000000;\">Un grand merci \u00e0 nos chers P&#8217;tits Philosophes pour ce moment de partage philosophique !\u00a0<\/span><\/p>\n","protected":false},"excerpt":{"rendered":"<p>Samedi 30 novembre \u00e0 11h, les petits philosophes \u00e2g\u00e9s de 6 \u00e0 12 ans ont r\u00e9fl\u00e9chi ensemble sur la notion d&#8217;Identit\u00e9 et sur ce qui la compose. Ci-dessous, le d\u00e9roul\u00e9 de l&#8217;atelier et leurs id\u00e9es marquantes !\u00a0 Nous avons commenc\u00e9 par un petit jeu dans lequel chaque \u00e9quipe devait faire la liste de 5 ingr\u00e9dients&hellip; <a href=\"https:\/\/maisondelaphilo-romainville.org\/?p=1668\" class=\"more-link\">Continue reading <span class=\"screen-reader-text\">Rendez-vous des P&#8217;tits Philosophes du samedi 30 novembre: L&#8217;Identit\u00e9<\/span><\/a><\/p>\n","protected":false},"author":1,"featured_media":0,"comment_status":"closed","ping_status":"open","sticky":false,"template":"","format":"standard","meta":{"iawp_total_views":19,"footnotes":""},"categories":[27,12,30,14,17],"tags":[],"class_list":["post-1668","post","type-post","status-publish","format-standard","hentry","category-les-rendez-vous-des-ptits-philosophes","category-non-classe","category-paroles-denfants","category-paroles-de-philosophes","category-philo-pour-enfants","without-featured-image"],"aioseo_notices":[],"jetpack_featured_media_url":"","_links":{"self":[{"href":"https:\/\/maisondelaphilo-romainville.org\/index.php?rest_route=\/wp\/v2\/posts\/1668","targetHints":{"allow":["GET"]}}],"collection":[{"href":"https:\/\/maisondelaphilo-romainville.org\/index.php?rest_route=\/wp\/v2\/posts"}],"about":[{"href":"https:\/\/maisondelaphilo-romainville.org\/index.php?rest_route=\/wp\/v2\/types\/post"}],"author":[{"embeddable":true,"href":"https:\/\/maisondelaphilo-romainville.org\/index.php?rest_route=\/wp\/v2\/users\/1"}],"replies":[{"embeddable":true,"href":"https:\/\/maisondelaphilo-romainville.org\/index.php?rest_route=%2Fwp%2Fv2%2Fcomments&post=1668"}],"version-history":[{"count":1,"href":"https:\/\/maisondelaphilo-romainville.org\/index.php?rest_route=\/wp\/v2\/posts\/1668\/revisions"}],"predecessor-version":[{"id":4984,"href":"https:\/\/maisondelaphilo-romainville.org\/index.php?rest_route=\/wp\/v2\/posts\/1668\/revisions\/4984"}],"wp:attachment":[{"href":"https:\/\/maisondelaphilo-romainville.org\/index.php?rest_route=%2Fwp%2Fv2%2Fmedia&parent=1668"}],"wp:term":[{"taxonomy":"category","embeddable":true,"href":"https:\/\/maisondelaphilo-romainville.org\/index.php?rest_route=%2Fwp%2Fv2%2Fcategories&post=1668"},{"taxonomy":"post_tag","embeddable":true,"href":"https:\/\/maisondelaphilo-romainville.org\/index.php?rest_route=%2Fwp%2Fv2%2Ftags&post=1668"}],"curies":[{"name":"wp","href":"https:\/\/api.w.org\/{rel}","templated":true}]}}