{"id":1790,"date":"2020-03-13T14:08:45","date_gmt":"2020-03-13T13:08:45","guid":{"rendered":"http:\/\/maisondelaphilo-romainville.org\/?p=1790"},"modified":"2024-10-30T16:14:42","modified_gmt":"2024-10-30T15:14:42","slug":"annulation-danimations-philosophiques","status":"publish","type":"post","link":"https:\/\/maisondelaphilo-romainville.org\/?p=1790","title":{"rendered":"Annulation d&#8217;animations philosophiques"},"content":{"rendered":"<p>Bonjour \u00e0 toutes et \u00e0 tous,<\/p>\n<p>&nbsp;<\/p>\n<p>Suite aux \u00e9v\u00e8nements et \u00e0 la situation actuelle,<span style=\"color:#800080;\"> <strong>les activit\u00e9s philosophiques sont annul\u00e9es demain, samedi 13 mars 2020 <\/strong>:<\/span><\/p>\n<p>&nbsp;<\/p>\n<ul>\n<li>Le <strong>Caf\u00e9-Philo<\/strong> de 16h \u00e0 18h, sur le th\u00e8me \u00ab\u00a0Que nous disent nos petites perceptions\u00a0?\u00a0\u00bb<\/li>\n<\/ul>\n<p>&nbsp;<\/p>\n<ul>\n<li>Le <strong>Rendez-vous des P&#8217;tits Philosophes<\/strong>, \u00e0 11h, sur le th\u00e8me \u00ab\u00a0Qu\u2019est-ce qui nous pousse \u00e0 agir bien\u00a0?\u00a0\u00bb<\/li>\n<\/ul>\n<p>&nbsp;<\/p>\n<p><span style=\"color:#800080;\">Nous vous informerons la semaine prochaine de la suite, concernant la Maison de la Philo.<\/span><\/p>\n<p>&nbsp;<\/p>\n<p>En vous remerciant pour votre compr\u00e9hension.<\/p>\n","protected":false},"excerpt":{"rendered":"<p>Bonjour \u00e0 toutes et \u00e0 tous, &nbsp; Suite aux \u00e9v\u00e8nements et \u00e0 la situation actuelle, les activit\u00e9s philosophiques sont annul\u00e9es demain, samedi 13 mars 2020 : &nbsp; Le Caf\u00e9-Philo de 16h \u00e0 18h, sur le th\u00e8me \u00ab\u00a0Que nous disent nos petites perceptions\u00a0?\u00a0\u00bb &nbsp; Le Rendez-vous des P&#8217;tits Philosophes, \u00e0 11h, sur le th\u00e8me \u00ab\u00a0Qu\u2019est-ce qui&hellip; <a href=\"https:\/\/maisondelaphilo-romainville.org\/?p=1790\" class=\"more-link\">Continue reading <span class=\"screen-reader-text\">Annulation d&#8217;animations philosophiques<\/span><\/a><\/p>\n","protected":false},"author":1,"featured_media":0,"comment_status":"closed","ping_status":"open","sticky":false,"template":"","format":"standard","meta":{"iawp_total_views":5,"footnotes":""},"categories":[12],"tags":[],"class_list":["post-1790","post","type-post","status-publish","format-standard","hentry","category-non-classe","without-featured-image"],"aioseo_notices":[],"jetpack_featured_media_url":"","_links":{"self":[{"href":"https:\/\/maisondelaphilo-romainville.org\/index.php?rest_route=\/wp\/v2\/posts\/1790","targetHints":{"allow":["GET"]}}],"collection":[{"href":"https:\/\/maisondelaphilo-romainville.org\/index.php?rest_route=\/wp\/v2\/posts"}],"about":[{"href":"https:\/\/maisondelaphilo-romainville.org\/index.php?rest_route=\/wp\/v2\/types\/post"}],"author":[{"embeddable":true,"href":"https:\/\/maisondelaphilo-romainville.org\/index.php?rest_route=\/wp\/v2\/users\/1"}],"replies":[{"embeddable":true,"href":"https:\/\/maisondelaphilo-romainville.org\/index.php?rest_route=%2Fwp%2Fv2%2Fcomments&post=1790"}],"version-history":[{"count":1,"href":"https:\/\/maisondelaphilo-romainville.org\/index.php?rest_route=\/wp\/v2\/posts\/1790\/revisions"}],"predecessor-version":[{"id":4971,"href":"https:\/\/maisondelaphilo-romainville.org\/index.php?rest_route=\/wp\/v2\/posts\/1790\/revisions\/4971"}],"wp:attachment":[{"href":"https:\/\/maisondelaphilo-romainville.org\/index.php?rest_route=%2Fwp%2Fv2%2Fmedia&parent=1790"}],"wp:term":[{"taxonomy":"category","embeddable":true,"href":"https:\/\/maisondelaphilo-romainville.org\/index.php?rest_route=%2Fwp%2Fv2%2Fcategories&post=1790"},{"taxonomy":"post_tag","embeddable":true,"href":"https:\/\/maisondelaphilo-romainville.org\/index.php?rest_route=%2Fwp%2Fv2%2Ftags&post=1790"}],"curies":[{"name":"wp","href":"https:\/\/api.w.org\/{rel}","templated":true}]}}