{"id":1796,"date":"2020-03-17T09:12:40","date_gmt":"2020-03-17T08:12:40","guid":{"rendered":"http:\/\/maisondelaphilo-romainville.org\/?p=1796"},"modified":"2024-10-30T16:14:42","modified_gmt":"2024-10-30T15:14:42","slug":"annulation-theatre-philo-3-avril-2020","status":"publish","type":"post","link":"https:\/\/maisondelaphilo-romainville.org\/?p=1796","title":{"rendered":"Annulation Th\u00e9\u00e2tre-Philo du 3 avril 2020"},"content":{"rendered":"<p>Bonjour \u00e0 tous,<\/p>\n<p>La soir\u00e9e <strong>Th\u00e9\u00e2tre-Philo<\/strong> pr\u00e9vue le <strong>vendredi 3 avril<\/strong> autour du spectacle<strong><em> L&#8217;affam\u00e9e<\/em><\/strong> est <strong>annul\u00e9e<\/strong>.<\/p>\n<p>Nous vous remercions pour votre compr\u00e9hension.<\/p>\n<p>L&#8217;\u00e9quipe de la Maison de la Philo<\/p>\n","protected":false},"excerpt":{"rendered":"<p>Bonjour \u00e0 tous, La soir\u00e9e Th\u00e9\u00e2tre-Philo pr\u00e9vue le vendredi 3 avril autour du spectacle L&#8217;affam\u00e9e est annul\u00e9e. Nous vous remercions pour votre compr\u00e9hension. L&#8217;\u00e9quipe de la Maison de la Philo<\/p>\n","protected":false},"author":1,"featured_media":0,"comment_status":"closed","ping_status":"open","sticky":false,"template":"","format":"standard","meta":{"iawp_total_views":3,"footnotes":""},"categories":[12],"tags":[],"class_list":["post-1796","post","type-post","status-publish","format-standard","hentry","category-non-classe","without-featured-image"],"aioseo_notices":[],"jetpack_featured_media_url":"","_links":{"self":[{"href":"https:\/\/maisondelaphilo-romainville.org\/index.php?rest_route=\/wp\/v2\/posts\/1796","targetHints":{"allow":["GET"]}}],"collection":[{"href":"https:\/\/maisondelaphilo-romainville.org\/index.php?rest_route=\/wp\/v2\/posts"}],"about":[{"href":"https:\/\/maisondelaphilo-romainville.org\/index.php?rest_route=\/wp\/v2\/types\/post"}],"author":[{"embeddable":true,"href":"https:\/\/maisondelaphilo-romainville.org\/index.php?rest_route=\/wp\/v2\/users\/1"}],"replies":[{"embeddable":true,"href":"https:\/\/maisondelaphilo-romainville.org\/index.php?rest_route=%2Fwp%2Fv2%2Fcomments&post=1796"}],"version-history":[{"count":1,"href":"https:\/\/maisondelaphilo-romainville.org\/index.php?rest_route=\/wp\/v2\/posts\/1796\/revisions"}],"predecessor-version":[{"id":4969,"href":"https:\/\/maisondelaphilo-romainville.org\/index.php?rest_route=\/wp\/v2\/posts\/1796\/revisions\/4969"}],"wp:attachment":[{"href":"https:\/\/maisondelaphilo-romainville.org\/index.php?rest_route=%2Fwp%2Fv2%2Fmedia&parent=1796"}],"wp:term":[{"taxonomy":"category","embeddable":true,"href":"https:\/\/maisondelaphilo-romainville.org\/index.php?rest_route=%2Fwp%2Fv2%2Fcategories&post=1796"},{"taxonomy":"post_tag","embeddable":true,"href":"https:\/\/maisondelaphilo-romainville.org\/index.php?rest_route=%2Fwp%2Fv2%2Ftags&post=1796"}],"curies":[{"name":"wp","href":"https:\/\/api.w.org\/{rel}","templated":true}]}}