{"id":1812,"date":"2020-03-19T16:40:58","date_gmt":"2020-03-19T15:40:58","guid":{"rendered":"http:\/\/maisondelaphilo-romainville.org\/?p=1812"},"modified":"2024-10-30T16:14:27","modified_gmt":"2024-10-30T15:14:27","slug":"pour-toute-information-durant-le-confinement","status":"publish","type":"post","link":"https:\/\/maisondelaphilo-romainville.org\/?p=1812","title":{"rendered":"Pour toute information durant le confinement"},"content":{"rendered":"<p>Bonjour \u00e0 tous,<\/p>\n<p>La Maison de la Philo est ferm\u00e9e depuis le 17 mars 2020 : par suite, aucun standard t\u00e9l\u00e9phonique n&#8217;est assur\u00e9.<\/p>\n<p><strong>Pour toute question ou demande, vous pouvez \u00e9crire un mail \u00e0 l&#8217;adresse suivante : <span style=\"color:#993366;\">maisondelaphilo@ville-romainville.fr.\u00a0<\/span><\/strong><\/p>\n<p>Nous vous remercions pour votre compr\u00e9hension.<\/p>\n<p>L&#8217;\u00e9quipe de la Maison de la Philo<\/p>\n","protected":false},"excerpt":{"rendered":"<p>Bonjour \u00e0 tous, La Maison de la Philo est ferm\u00e9e depuis le 17 mars 2020 : par suite, aucun standard t\u00e9l\u00e9phonique n&#8217;est assur\u00e9. Pour toute question ou demande, vous pouvez \u00e9crire un mail \u00e0 l&#8217;adresse suivante : maisondelaphilo@ville-romainville.fr.\u00a0 Nous vous remercions pour votre compr\u00e9hension. L&#8217;\u00e9quipe de la Maison de la Philo<\/p>\n","protected":false},"author":1,"featured_media":0,"comment_status":"closed","ping_status":"open","sticky":false,"template":"","format":"standard","meta":{"iawp_total_views":4,"footnotes":""},"categories":[12],"tags":[],"class_list":["post-1812","post","type-post","status-publish","format-standard","hentry","category-non-classe","without-featured-image"],"aioseo_notices":[],"jetpack_featured_media_url":"","_links":{"self":[{"href":"https:\/\/maisondelaphilo-romainville.org\/index.php?rest_route=\/wp\/v2\/posts\/1812","targetHints":{"allow":["GET"]}}],"collection":[{"href":"https:\/\/maisondelaphilo-romainville.org\/index.php?rest_route=\/wp\/v2\/posts"}],"about":[{"href":"https:\/\/maisondelaphilo-romainville.org\/index.php?rest_route=\/wp\/v2\/types\/post"}],"author":[{"embeddable":true,"href":"https:\/\/maisondelaphilo-romainville.org\/index.php?rest_route=\/wp\/v2\/users\/1"}],"replies":[{"embeddable":true,"href":"https:\/\/maisondelaphilo-romainville.org\/index.php?rest_route=%2Fwp%2Fv2%2Fcomments&post=1812"}],"version-history":[{"count":1,"href":"https:\/\/maisondelaphilo-romainville.org\/index.php?rest_route=\/wp\/v2\/posts\/1812\/revisions"}],"predecessor-version":[{"id":4967,"href":"https:\/\/maisondelaphilo-romainville.org\/index.php?rest_route=\/wp\/v2\/posts\/1812\/revisions\/4967"}],"wp:attachment":[{"href":"https:\/\/maisondelaphilo-romainville.org\/index.php?rest_route=%2Fwp%2Fv2%2Fmedia&parent=1812"}],"wp:term":[{"taxonomy":"category","embeddable":true,"href":"https:\/\/maisondelaphilo-romainville.org\/index.php?rest_route=%2Fwp%2Fv2%2Fcategories&post=1812"},{"taxonomy":"post_tag","embeddable":true,"href":"https:\/\/maisondelaphilo-romainville.org\/index.php?rest_route=%2Fwp%2Fv2%2Ftags&post=1812"}],"curies":[{"name":"wp","href":"https:\/\/api.w.org\/{rel}","templated":true}]}}