{"id":1816,"date":"2020-04-13T17:19:21","date_gmt":"2020-04-13T16:19:21","guid":{"rendered":"http:\/\/maisondelaphilo-romainville.org\/?p=1816"},"modified":"2024-10-30T16:14:27","modified_gmt":"2024-10-30T15:14:27","slug":"des-nouvelles-de-la-maison-de-la-philo","status":"publish","type":"post","link":"https:\/\/maisondelaphilo-romainville.org\/?p=1816","title":{"rendered":"Des nouvelles de la Maison de la Philo !"},"content":{"rendered":"<p><img loading=\"lazy\" decoding=\"async\" class=\"alignnone size-full wp-image-1818\" src=\"https:\/\/maisondelaphiloromainvilledotorg.files.wordpress.com\/2020\/04\/logo-maison-de-la-philo.jpg\" alt=\"Logo Maison de la Philo\" width=\"695\" height=\"101\" \/><\/p>\n<p style=\"text-align:center;\">Bonjour \u00e0 toutes et \u00e0 tous,<\/p>\n<p style=\"text-align:center;\">Toute l&#8217;\u00e9quipe de la Maison de la Philo esp\u00e8re que vous allez bien, ainsi que vos proches et vos familles, en ces temps difficiles.<\/p>\n<p style=\"text-align:center;\">Comme vous le savez, la Maison de la Philo est ferm\u00e9e depuis le 14 mars, et toutes les activit\u00e9s philosophiques sont annul\u00e9es\u00a0jusqu&#8217;\u00e0 nouvel ordre. Par suite, le <span style=\"color:#993366;\"><strong>Caf\u00e9-Philo pr\u00e9vu le samedi 18 avril est donc annul\u00e9.<\/strong><\/span><\/p>\n<p style=\"text-align:center;\">Nous vivons beaucoup de choses en ce moments, qui nous interrogent, qui\u00a0font penser, qui nous font d\u00e9couvrir de nouveaux aspects de l&#8217;existence. Nous allons d\u00e9sormais vous proposer de philosopher ensemble, \u00e0 distance.<\/p>\n<p style=\"text-align:center;\">Tout d&#8217;abord, nous vous enverrons, par mail, une <span style=\"color:#993366;\"><strong>&#8220;<\/strong><strong>Mission philosophique <\/strong><\/span><strong><span style=\"color:#993366;\">&#8221; chaque mercredi<\/span>,<\/strong> pour les plus petits et les plus grands. La premi\u00e8re mission vous sera envoy\u00e9e <span style=\"color:#993366;\"><strong>mercredi 15 avril<\/strong> <\/span>et mise en ligne sur notre blog\u00a0:<\/p>\n<p style=\"text-align:center;\"><span style=\"color:#993366;\"><em><a style=\"color:#993366;\" href=\"https:\/\/maisondelaphilo-romainville.org\/\">https:\/\/maisondelaphilo-romainville.org\/<\/a><\/em><\/span><\/p>\n<p style=\"text-align:center;\">Ensuite, <span style=\"color:#993366;\"><strong>pour les enfants de <\/strong><strong>7 \u00e0 11 ans<\/strong><\/span>, nous proposons un <span style=\"color:#000000;\"><span style=\"color:#993366;\"><strong>atelier philosophique \u00e0 distance<\/strong><\/span> : le <span style=\"color:#993366;\"><strong>samedi 25 avril, \u00e0 11h<\/strong><\/span><\/span><strong>. <\/strong>Cet atelier sera ouvert <span style=\"color:#993366;\"><u>sur inscription, par mail<\/u><\/span>. Les d\u00e9tails techniques de la mise en place seront ensuite\u00a0communiqu\u00e9s aux enfants et familles inscrites. Les inscriptions sont ouvertes !<\/p>\n<p style=\"text-align:center;\">Prenez soin de vous,<\/p>\n<p style=\"text-align:center;\">N&#8217;h\u00e9sitez pas \u00e0 nous solliciter.<\/p>\n<p style=\"text-align:center;\"><strong>L&#8217;\u00e9quipe de la Maison de la Philo<\/strong><\/p>\n<p style=\"text-align:center;\"><span style=\"color:#993366;\"><strong><a style=\"color:#993366;\" href=\"mailto:maisondelaphilo@ville-romainville.fr\">maisondelaphilo@ville-romainville.fr<\/a><\/strong><\/span><\/p>\n<p style=\"text-align:center;\">\n","protected":false},"excerpt":{"rendered":"<p>Bonjour \u00e0 toutes et \u00e0 tous, Toute l&#8217;\u00e9quipe de la Maison de la Philo esp\u00e8re que vous allez bien, ainsi que vos proches et vos familles, en ces temps difficiles. Comme vous le savez, la Maison de la Philo est ferm\u00e9e depuis le 14 mars, et toutes les activit\u00e9s philosophiques sont annul\u00e9es\u00a0jusqu&#8217;\u00e0 nouvel ordre. Par&hellip; <a href=\"https:\/\/maisondelaphilo-romainville.org\/?p=1816\" class=\"more-link\">Continue reading <span class=\"screen-reader-text\">Des nouvelles de la Maison de la Philo !<\/span><\/a><\/p>\n","protected":false},"author":1,"featured_media":0,"comment_status":"closed","ping_status":"open","sticky":false,"template":"","format":"standard","meta":{"iawp_total_views":1,"footnotes":""},"categories":[12],"tags":[],"class_list":["post-1816","post","type-post","status-publish","format-standard","hentry","category-non-classe","without-featured-image"],"aioseo_notices":[],"jetpack_featured_media_url":"","_links":{"self":[{"href":"https:\/\/maisondelaphilo-romainville.org\/index.php?rest_route=\/wp\/v2\/posts\/1816","targetHints":{"allow":["GET"]}}],"collection":[{"href":"https:\/\/maisondelaphilo-romainville.org\/index.php?rest_route=\/wp\/v2\/posts"}],"about":[{"href":"https:\/\/maisondelaphilo-romainville.org\/index.php?rest_route=\/wp\/v2\/types\/post"}],"author":[{"embeddable":true,"href":"https:\/\/maisondelaphilo-romainville.org\/index.php?rest_route=\/wp\/v2\/users\/1"}],"replies":[{"embeddable":true,"href":"https:\/\/maisondelaphilo-romainville.org\/index.php?rest_route=%2Fwp%2Fv2%2Fcomments&post=1816"}],"version-history":[{"count":1,"href":"https:\/\/maisondelaphilo-romainville.org\/index.php?rest_route=\/wp\/v2\/posts\/1816\/revisions"}],"predecessor-version":[{"id":4966,"href":"https:\/\/maisondelaphilo-romainville.org\/index.php?rest_route=\/wp\/v2\/posts\/1816\/revisions\/4966"}],"wp:attachment":[{"href":"https:\/\/maisondelaphilo-romainville.org\/index.php?rest_route=%2Fwp%2Fv2%2Fmedia&parent=1816"}],"wp:term":[{"taxonomy":"category","embeddable":true,"href":"https:\/\/maisondelaphilo-romainville.org\/index.php?rest_route=%2Fwp%2Fv2%2Fcategories&post=1816"},{"taxonomy":"post_tag","embeddable":true,"href":"https:\/\/maisondelaphilo-romainville.org\/index.php?rest_route=%2Fwp%2Fv2%2Ftags&post=1816"}],"curies":[{"name":"wp","href":"https:\/\/api.w.org\/{rel}","templated":true}]}}