{"id":1925,"date":"2020-05-05T11:47:30","date_gmt":"2020-05-05T10:47:30","guid":{"rendered":"http:\/\/maisondelaphilo-romainville.org\/?p=1925"},"modified":"2024-10-30T16:14:26","modified_gmt":"2024-10-30T15:14:26","slug":"des-nouveaux-concepts-philo-dans-notre-experience-du-confinement-mission-n2","status":"publish","type":"post","link":"https:\/\/maisondelaphilo-romainville.org\/?p=1925","title":{"rendered":"Des nouveaux concepts philo dans notre exp\u00e9rience du confinement (Mission n\u00b02) !"},"content":{"rendered":"<p style=\"text-align:center;\">Bonjour \u00e0 toutes et tous,<\/p>\n<p style=\"text-align:center;\">Merci aux participantes qui ont relev\u00e9 notre seconde mission philosophique\u00a0! Voici les propositions des nouveaux concepts-philo pour d\u00e9crire la situation in\u00e9dite de confinement dans laquelle nous vivons toutes et tous actuellement.<\/p>\n<p style=\"text-align:center;\">Bonne lecture !<\/p>\n<p>&nbsp;<\/p>\n<ul>\n<li>Deux nouveaux concepts sur l&#8217;Etre ont inspir\u00e9 Marie-Michelle P., en lien notamment avec le corps et l&#8217;esprit\u00a0 :<\/li>\n<\/ul>\n<p>&#8220;<em>Le confinement sur la dur\u00e9e a permis de prendre conscience de l'&#8221;<strong><span style=\"color:#993366;\">expressioname<\/span>&#8220;<\/strong>, c&#8217;est \u00e0 dire l&#8217;expression de notre \u00e2me, notre spiritualit\u00e9. Ce petit machin, ce virus, a contribu\u00e9 \u00e0 un nouveau l\u00e2cher prise pour permettre l&#8217;expression de notre \u00catre (profond). Et d&#8217;ailleurs le &#8220;<span style=\"color:#993366;\"><strong>corpscience<\/strong><\/span>&#8221; est au rendez-vous durant ces moments avec soi-m\u00eame, parce que des exercices furent n\u00e9cessaires, et il faut avoir le flair pour le satisfaire, apr\u00e8s cette conscience des besoins de mouvements du corps.<\/em>&#8221;<\/p>\n<ul>\n<li>Selon Latifa T., le confinement nous fait exp\u00e9rimenter autrement les relations avec nos proches :<\/li>\n<\/ul>\n<p><em>&#8220;Mon concept pendant ce confinement est :\u00a0<span style=\"color:#993366;\"><strong>proche-r\u00e9flexe<\/strong><\/span> : on r\u00e9fl\u00e9chit plus++ pour cr\u00e9er un moment de bonheur \u00e0 nos proches, on fait attention plus \u00e0 eux et on r\u00e9agit pour eux et avec eux (enfants, parents&#8230;) .<\/em>&#8221;<\/p>\n<ul>\n<li>\u00a0Clara, une habitu\u00e9e de nos Rendez-vous des P&#8217;tits Philosophes, a invent\u00e9 un nouveau mot selon son exp\u00e9rience de l&#8217;\u00e9cole \u00e0 la maison :<\/li>\n<\/ul>\n<p><em>&#8220;<span style=\"color:#993366;\"><strong>MAMAITRESSE<\/strong><\/span>&#8221; ! Car pendant ce confinement, les mamans sont devenues un peu ma\u00eetresses !&#8221;<\/em><\/p>\n<ul>\n<li>Marie-George s&#8217;est amus\u00e9e \u00e0 cr\u00e9er des mots originaux pour aborder l&#8217;exp\u00e9rience du confinement. Les voici :<br \/>\n<strong><em>1. <span style=\"color:#993366;\">Confinuyement<\/span><\/em><\/strong><br \/>\n<strong><em>2. <span style=\"color:#993366;\">Confitude<\/span><\/em><\/strong><\/li>\n<\/ul>\n","protected":false},"excerpt":{"rendered":"<p>Bonjour \u00e0 toutes et tous, Merci aux participantes qui ont relev\u00e9 notre seconde mission philosophique\u00a0! Voici les propositions des nouveaux concepts-philo pour d\u00e9crire la situation in\u00e9dite de confinement dans laquelle nous vivons toutes et tous actuellement. Bonne lecture ! &nbsp; Deux nouveaux concepts sur l&#8217;Etre ont inspir\u00e9 Marie-Michelle P., en lien notamment avec le corps&hellip; <a href=\"https:\/\/maisondelaphilo-romainville.org\/?p=1925\" class=\"more-link\">Continue reading <span class=\"screen-reader-text\">Des nouveaux concepts philo dans notre exp\u00e9rience du confinement (Mission n\u00b02) !<\/span><\/a><\/p>\n","protected":false},"author":1,"featured_media":0,"comment_status":"closed","ping_status":"open","sticky":false,"template":"","format":"standard","meta":{"iawp_total_views":3,"footnotes":""},"categories":[11,12],"tags":[],"class_list":["post-1925","post","type-post","status-publish","format-standard","hentry","category-missions-philosophiques","category-non-classe","without-featured-image"],"aioseo_notices":[],"jetpack_featured_media_url":"","_links":{"self":[{"href":"https:\/\/maisondelaphilo-romainville.org\/index.php?rest_route=\/wp\/v2\/posts\/1925","targetHints":{"allow":["GET"]}}],"collection":[{"href":"https:\/\/maisondelaphilo-romainville.org\/index.php?rest_route=\/wp\/v2\/posts"}],"about":[{"href":"https:\/\/maisondelaphilo-romainville.org\/index.php?rest_route=\/wp\/v2\/types\/post"}],"author":[{"embeddable":true,"href":"https:\/\/maisondelaphilo-romainville.org\/index.php?rest_route=\/wp\/v2\/users\/1"}],"replies":[{"embeddable":true,"href":"https:\/\/maisondelaphilo-romainville.org\/index.php?rest_route=%2Fwp%2Fv2%2Fcomments&post=1925"}],"version-history":[{"count":1,"href":"https:\/\/maisondelaphilo-romainville.org\/index.php?rest_route=\/wp\/v2\/posts\/1925\/revisions"}],"predecessor-version":[{"id":4955,"href":"https:\/\/maisondelaphilo-romainville.org\/index.php?rest_route=\/wp\/v2\/posts\/1925\/revisions\/4955"}],"wp:attachment":[{"href":"https:\/\/maisondelaphilo-romainville.org\/index.php?rest_route=%2Fwp%2Fv2%2Fmedia&parent=1925"}],"wp:term":[{"taxonomy":"category","embeddable":true,"href":"https:\/\/maisondelaphilo-romainville.org\/index.php?rest_route=%2Fwp%2Fv2%2Fcategories&post=1925"},{"taxonomy":"post_tag","embeddable":true,"href":"https:\/\/maisondelaphilo-romainville.org\/index.php?rest_route=%2Fwp%2Fv2%2Ftags&post=1925"}],"curies":[{"name":"wp","href":"https:\/\/api.w.org\/{rel}","templated":true}]}}