{"id":1952,"date":"2020-05-06T09:46:08","date_gmt":"2020-05-06T08:46:08","guid":{"rendered":"http:\/\/maisondelaphilo-romainville.org\/?p=1952"},"modified":"2024-10-30T16:14:26","modified_gmt":"2024-10-30T15:14:26","slug":"mission-philosophique-n4","status":"publish","type":"post","link":"https:\/\/maisondelaphilo-romainville.org\/?p=1952","title":{"rendered":"Mission philosophique n\u00b04 !"},"content":{"rendered":"<p><img loading=\"lazy\" decoding=\"async\" class=\"  wp-image-1944 aligncenter\" src=\"https:\/\/maisondelaphiloromainvilledotorg.files.wordpress.com\/2020\/05\/logo-maison-de-la-philo.jpg\" alt=\"Logo Maison de la Philo\" width=\"543\" height=\"79\" \/><\/p>\n<p style=\"text-align:center;\">Bonjour \u00e0 toutes et tous,<\/p>\n<p style=\"text-align:center;\">Cette semaine, c\u2019est au tour de Marie de vous mettre au d\u00e9fi d\u2019une nouvelle mission philosophique\u00a0!<\/p>\n<p style=\"text-align:center;\">La voici, ci-dessous\u2026<\/p>\n<p style=\"text-align:center;\">Aujourd\u2019hui, apr\u00e8s ces semaines durant lesquelles nous avons v\u00e9cu de nouvelles exp\u00e9riences, nous voulons cr\u00e9er avec vous une <strong>r\u00e9colte de questions philosophiques des confin\u00e9s<\/strong> !<\/p>\n<p style=\"text-align:center;\">Pour participer : nous vous proposons de r\u00e9fl\u00e9chir aux <strong>grands concepts ou th\u00e8mes philosophiques qui apparaissent dans l\u2019exp\u00e9rience que nous vivons <\/strong>et que nous partageons en ce moment, et de formuler \u00e0 partir d\u2019eux des <strong>questions philosophiques<\/strong>.<\/p>\n<p style=\"text-align:center;\">Une fois votre ou vos questions trouv\u00e9es, envoyez-les-nous <strong><u>par mail<\/u> <\/strong>(maisondelaphilo@ville-romainville.fr) et nous nous chargerons de les mettre en commun sur le blog !<\/p>\n<p style=\"text-align:center;\">En partageant nos questions, nous d\u00e9couvrirons les points communs, les diff\u00e9rences, et surtout la multiplicit\u00e9 des questions qui peuvent \u00e9merger de ce que nous vivons tous ensemble.<\/p>\n<p style=\"text-align:center;\">Pour les petits philosophes, ou pour les plus grands et les plus cr\u00e9atifs : nous vous proposons d\u2019illustrer votre r\u00e9flexion en dessinant votre question de philosophe confin\u00e9 (<a title=\"DessinQuestionPhiloConfinement\" href=\"https:\/\/maisondelaphiloromainvilledotorg.files.wordpress.com\/2020\/05\/dessinquestionphiloconfinement.pdf\">dessin \u00e0 t\u00e9l\u00e9charger ici en pdf<\/a>).<\/p>\n<p style=\"text-align:center;\">\u00c0 vos questions\u2026 Pr\u00eats\u00a0? Partez !<em>\u00a0<\/em><\/p>\n<p style=\"text-align:center;\">Nous avons h\u00e2te de vous lire\u00a0!<\/p>\n<p style=\"text-align:center;\">***<\/p>\n<p>Vous souhaitez continuer \u00e0 philosopher \u00e0 la maison ? Voici quelques ressources en ligne pour philosopher en famille :<\/p>\n<ul>\n<li><strong>Edwige Chirouter<\/strong> propose dans <strong>Le P\u2019tit Lib\u00e9<\/strong> de r\u00e9pondre \u00e0 des questions pos\u00e9es par des enfants : une parenth\u00e8se philo sur l\u2019actualit\u00e9\u00a0!\n<ul>\n<li>\u00ab\u00a0Peut-on continuer \u00e0 apprendre sans aller \u00e0 l\u2019\u00e9cole\u00a0?\u00a0\u00bb\u00a0: <a href=\"https:\/\/ptitlibe.liberation.fr\/p-tit-libe\/2020\/04\/30\/philo-est-ce-qu-on-peut-continuer-d-apprendre-sans-aller-a-l-ecole_1786828\">https:\/\/ptitlibe.liberation.fr\/p-tit-libe\/2020\/04\/30\/philo-est-ce-qu-on-peut-continuer-d-apprendre-sans-aller-a-l-ecole_1786828<\/a><\/li>\n<\/ul>\n<\/li>\n<li>L\u2019association <strong>\u00ab\u00a0Philo pour Enfants\u00a0\u00bb<\/strong> vous offre une trame pour mener un atelier \u00e0 la maison sur le th\u00e8me <strong>\u00ab\u00a0ressemblances\/diff\u00e9rences\u00a0\u00bb<\/strong>: <a href=\"http:\/\/www.philo-pour-enfants.com\/trame-pour-animer-un-atelier-de-philosophie-en-famille-sur-le-theme-ressemblances-differences\/\">http:\/\/www.philo-pour-enfants.com\/trame-pour-animer-un-atelier-de-philosophie-en-famille-sur-le-theme-ressemblances-differences\/<\/a><\/li>\n<\/ul>\n<p>&nbsp;<\/p>\n<p>Des ressources aussi pour les plus grands\u00a0:<\/p>\n<ul>\n<li>La cha\u00eene Youtube de <strong>Cyrus North<\/strong>, amateur de philosophie, s\u2019attache \u00e0 rendre accessible <strong>l\u2019histoire de la philosophie<\/strong> \u00a0en <em>\u00ab\u00a0Coup de Phil\u2018\u00a0<\/em>\u00bb \u00e0 travers de <strong>courtes vid\u00e9os ponctu\u00e9es d\u2019humour<\/strong> : <a href=\"https:\/\/www.youtube.com\/channel\/UCah8C0gmLkdtvsy0b2jrjrw\">https:\/\/www.youtube.com\/channel\/UCah8C0gmLkdtvsy0b2jrjrw<\/a><\/li>\n<\/ul>\n<p>&nbsp;<\/p>\n<p style=\"text-align:center;\">Bonne journ\u00e9e !<\/p>\n<p style=\"text-align:center;\"><strong>La Maison de la Philo<\/strong><\/p>\n","protected":false},"excerpt":{"rendered":"<p>Bonjour \u00e0 toutes et tous, Cette semaine, c\u2019est au tour de Marie de vous mettre au d\u00e9fi d\u2019une nouvelle mission philosophique\u00a0! La voici, ci-dessous\u2026 Aujourd\u2019hui, apr\u00e8s ces semaines durant lesquelles nous avons v\u00e9cu de nouvelles exp\u00e9riences, nous voulons cr\u00e9er avec vous une r\u00e9colte de questions philosophiques des confin\u00e9s ! Pour participer : nous vous proposons&hellip; <a href=\"https:\/\/maisondelaphilo-romainville.org\/?p=1952\" class=\"more-link\">Continue reading <span class=\"screen-reader-text\">Mission philosophique n\u00b04 !<\/span><\/a><\/p>\n","protected":false},"author":1,"featured_media":0,"comment_status":"closed","ping_status":"open","sticky":false,"template":"","format":"standard","meta":{"iawp_total_views":4,"footnotes":""},"categories":[11,12],"tags":[],"class_list":["post-1952","post","type-post","status-publish","format-standard","hentry","category-missions-philosophiques","category-non-classe","without-featured-image"],"aioseo_notices":[],"jetpack_featured_media_url":"","_links":{"self":[{"href":"https:\/\/maisondelaphilo-romainville.org\/index.php?rest_route=\/wp\/v2\/posts\/1952","targetHints":{"allow":["GET"]}}],"collection":[{"href":"https:\/\/maisondelaphilo-romainville.org\/index.php?rest_route=\/wp\/v2\/posts"}],"about":[{"href":"https:\/\/maisondelaphilo-romainville.org\/index.php?rest_route=\/wp\/v2\/types\/post"}],"author":[{"embeddable":true,"href":"https:\/\/maisondelaphilo-romainville.org\/index.php?rest_route=\/wp\/v2\/users\/1"}],"replies":[{"embeddable":true,"href":"https:\/\/maisondelaphilo-romainville.org\/index.php?rest_route=%2Fwp%2Fv2%2Fcomments&post=1952"}],"version-history":[{"count":1,"href":"https:\/\/maisondelaphilo-romainville.org\/index.php?rest_route=\/wp\/v2\/posts\/1952\/revisions"}],"predecessor-version":[{"id":4953,"href":"https:\/\/maisondelaphilo-romainville.org\/index.php?rest_route=\/wp\/v2\/posts\/1952\/revisions\/4953"}],"wp:attachment":[{"href":"https:\/\/maisondelaphilo-romainville.org\/index.php?rest_route=%2Fwp%2Fv2%2Fmedia&parent=1952"}],"wp:term":[{"taxonomy":"category","embeddable":true,"href":"https:\/\/maisondelaphilo-romainville.org\/index.php?rest_route=%2Fwp%2Fv2%2Fcategories&post=1952"},{"taxonomy":"post_tag","embeddable":true,"href":"https:\/\/maisondelaphilo-romainville.org\/index.php?rest_route=%2Fwp%2Fv2%2Ftags&post=1952"}],"curies":[{"name":"wp","href":"https:\/\/api.w.org\/{rel}","templated":true}]}}