{"id":1961,"date":"2020-05-13T11:11:36","date_gmt":"2020-05-13T10:11:36","guid":{"rendered":"http:\/\/maisondelaphilo-romainville.org\/?p=1961"},"modified":"2024-10-30T16:14:26","modified_gmt":"2024-10-30T15:14:26","slug":"mission-philosophique-n5","status":"publish","type":"post","link":"https:\/\/maisondelaphilo-romainville.org\/?p=1961","title":{"rendered":"Mission philosophique n\u00b05 !"},"content":{"rendered":"<p><img loading=\"lazy\" decoding=\"async\" class=\"  wp-image-1944 aligncenter\" src=\"https:\/\/maisondelaphiloromainvilledotorg.files.wordpress.com\/2020\/05\/logo-maison-de-la-philo.jpg\" alt=\"Logo Maison de la Philo\" width=\"584\" height=\"85\" \/><\/p>\n<p style=\"font-weight:400;text-align:center;\">Bonjour \u00e0 toutes et tous,<\/p>\n<p style=\"font-weight:400;text-align:center;\">Merci encore aux participants qui ont partag\u00e9 leurs questionnements autour de leur exp\u00e9rience du confinement.<\/p>\n<p style=\"font-weight:400;text-align:center;\">Cette semaine, c\u2019est au tour de Julia de vous lancer une nouvelle mission philosophique ! Envoyez votre r\u00e9ponse par mail \u00e0 l&#8217;adresse suivante: <em><span style=\"color:#993366;\">maisondelaphilo@ville-romainville.fr\u00a0<\/span><\/em><\/p>\n<p style=\"font-weight:400;text-align:center;\">Vous \u00eates pr\u00eats \u00e0 relever le d\u00e9fi ? Le voici, ci-dessous\u2026<\/p>\n<p style=\"font-weight:400;text-align:center;\"><span style=\"color:#993366;\"><strong><u>Un peu de po\u00e9sie dans la philosophie !<\/u><\/strong><\/span><\/p>\n<p style=\"font-weight:400;text-align:center;\">Connaissez-vous le principe du\u00a0<span style=\"color:#993366;\"><strong>Ha\u00efku<\/strong><\/span>\u00a0japonais ? Il s\u2019agit d\u2019un court texte po\u00e9tique de trois lignes qui fait traditionnellement r\u00e9f\u00e9rence aux saisons de l\u2019ann\u00e9e et aux petits instants de la vie.<\/p>\n<p style=\"font-weight:400;text-align:center;\">En voici un exemple\u00a0:<\/p>\n<blockquote>\n<p style=\"font-weight:400;text-align:center;\"><em>\u00ab\u00a0Devant l&#8217;\u00e9clair &#8211;<\/em><br \/>\n<em>Sublime est celui<\/em><br \/>\n<em>Qui ne sait rien !\u00a0\u00bb<\/em><em>\u00a0<\/em><\/p>\n<p style=\"text-align:right;\">Matsuo Bash\u00f5 (1644-1694)<\/p>\n<\/blockquote>\n<p style=\"font-weight:400;\">Cr\u00e9ez \u00e0 votre tour des\u00a0<span style=\"color:#993366;\"><strong>ha\u00efkus philosophiques<\/strong><\/span>\u00a0en changeant un peu les r\u00e8gles\u00a0:<\/p>\n<ol>\n<li style=\"font-weight:400;\">Prenez un<span style=\"color:#993366;\">\u00a0<strong>concept philosophique<\/strong><\/span>\u00a0de votre choix (par exemple\u00a0: la libert\u00e9, le temps qui passe, le r\u00eave, le bonheur, l\u2019amiti\u00e9, etc.)<\/li>\n<li style=\"font-weight:400;\">\u00a0Tout en respectant par ailleurs le format d\u2019un\u00a0<span style=\"color:#993366;\"><strong>texte bref<\/strong>\u00a0<\/span>(3 ou 4 lignes)<\/li>\n<li style=\"font-weight:400;\"><span style=\"text-decoration:underline;\">Optionnel<\/span>: vous pouvez m\u00eame illustrer votre ha\u00efku en le dessinant\u00a0!<\/li>\n<\/ol>\n<p style=\"font-weight:400;text-align:center;\"><em>A votre plume !<\/em><\/p>\n<p style=\"font-weight:400;text-align:center;\">***<\/p>\n<p style=\"font-weight:400;\">Vous souhaitez continuer \u00e0 philosopher \u00e0 la maison\u00a0? Voici quelques ressources pour philosopher en famille\u00a0:<\/p>\n<ul>\n<li style=\"font-weight:400;\"><strong>L\u2019association Philo pour Enfants<\/strong>\u00a0vous propose une trame d\u2019atelier pour philosopher \u00e0 la maison avec son ou ses\u00a0<strong>ado(s)<\/strong>\u00a0:\u00a0<em><a href=\"http:\/\/www.philo-pour-enfants.com\/trame-pour-animer-un-atelier-philo-avec-les-adolescents\/\">http:\/\/www.philo-pour-enfants.com\/trame-pour-animer-un-atelier-philo-avec-les-adolescents\/<\/a><\/em><\/li>\n<li style=\"font-weight:400;\">Le site internet\u00a0<strong>PhiloLabo<\/strong>\u00a0vous propose les dessins anim\u00e9s \u00ab\u00a0<strong>Les<\/strong>\u00a0<strong>P\u2019tits Philosophes\u00a0\u00bb<\/strong>\u00a0pour r\u00e9fl\u00e9chir d\u00e8s l\u2019\u00e2ge de la\u00a0<strong>maternelle<\/strong>\u00a0:\u00a0<em><a href=\"https:\/\/www.labophilo.fr\/2020\/03\/18\/les-p-tits-philosophes-dessins-anim%C3%A9s-gratuits-pour-r%C3%A9fl%C3%A9chir-avec-les-maternelles\/\">https:\/\/www.labophilo.fr\/2020\/03\/18\/les-p-tits-philosophes-dessins-anim%C3%A9s-gratuits-pour-r%C3%A9fl%C3%A9chir-avec-les-maternelles\/<\/a><\/em><\/li>\n<\/ul>\n<p style=\"font-weight:400;\">Des ressources aussi pour les plus grands\u00a0:<\/p>\n<ul>\n<li style=\"font-weight:400;\">La cha\u00eene\u00a0<strong>YouTube<\/strong>\u00a0de\u00a0<strong>Monsieur Phi<\/strong>\u00a0propose de nombreuses vid\u00e9os dans les diff\u00e9rents grands domaines de la philosophie et sur les multiples auteurs et \u00e9coles philosophiques :\u00a0<em><a href=\"https:\/\/www.youtube.com\/channel\/UCqA8H22FwgBVcF3GJpp0MQw\">https:\/\/www.youtube.com\/channel\/UCqA8H22FwgBVcF3GJpp0MQw<\/a>\u00a0\u00a0<\/em><\/li>\n<\/ul>\n<p style=\"font-weight:400;text-align:center;\">Bonne semaine \u00e0 tous\u00a0!<\/p>\n<p>&nbsp;<\/p>\n<p style=\"text-align:center;\"><strong>La Maison de la Philo<\/strong><\/p>\n<p style=\"text-align:center;\"><em><span style=\"color:#993366;\">maisondelaphilo@ville-romainville.fr<\/span><\/em><\/p>\n","protected":false},"excerpt":{"rendered":"<p>Bonjour \u00e0 toutes et tous, Merci encore aux participants qui ont partag\u00e9 leurs questionnements autour de leur exp\u00e9rience du confinement. Cette semaine, c\u2019est au tour de Julia de vous lancer une nouvelle mission philosophique ! Envoyez votre r\u00e9ponse par mail \u00e0 l&#8217;adresse suivante: maisondelaphilo@ville-romainville.fr\u00a0 Vous \u00eates pr\u00eats \u00e0 relever le d\u00e9fi ? Le voici, ci-dessous\u2026&hellip; <a href=\"https:\/\/maisondelaphilo-romainville.org\/?p=1961\" class=\"more-link\">Continue reading <span class=\"screen-reader-text\">Mission philosophique n\u00b05 !<\/span><\/a><\/p>\n","protected":false},"author":1,"featured_media":0,"comment_status":"closed","ping_status":"open","sticky":false,"template":"","format":"standard","meta":{"iawp_total_views":3,"footnotes":""},"categories":[11,12],"tags":[],"class_list":["post-1961","post","type-post","status-publish","format-standard","hentry","category-missions-philosophiques","category-non-classe","without-featured-image"],"aioseo_notices":[],"jetpack_featured_media_url":"","_links":{"self":[{"href":"https:\/\/maisondelaphilo-romainville.org\/index.php?rest_route=\/wp\/v2\/posts\/1961","targetHints":{"allow":["GET"]}}],"collection":[{"href":"https:\/\/maisondelaphilo-romainville.org\/index.php?rest_route=\/wp\/v2\/posts"}],"about":[{"href":"https:\/\/maisondelaphilo-romainville.org\/index.php?rest_route=\/wp\/v2\/types\/post"}],"author":[{"embeddable":true,"href":"https:\/\/maisondelaphilo-romainville.org\/index.php?rest_route=\/wp\/v2\/users\/1"}],"replies":[{"embeddable":true,"href":"https:\/\/maisondelaphilo-romainville.org\/index.php?rest_route=%2Fwp%2Fv2%2Fcomments&post=1961"}],"version-history":[{"count":1,"href":"https:\/\/maisondelaphilo-romainville.org\/index.php?rest_route=\/wp\/v2\/posts\/1961\/revisions"}],"predecessor-version":[{"id":4952,"href":"https:\/\/maisondelaphilo-romainville.org\/index.php?rest_route=\/wp\/v2\/posts\/1961\/revisions\/4952"}],"wp:attachment":[{"href":"https:\/\/maisondelaphilo-romainville.org\/index.php?rest_route=%2Fwp%2Fv2%2Fmedia&parent=1961"}],"wp:term":[{"taxonomy":"category","embeddable":true,"href":"https:\/\/maisondelaphilo-romainville.org\/index.php?rest_route=%2Fwp%2Fv2%2Fcategories&post=1961"},{"taxonomy":"post_tag","embeddable":true,"href":"https:\/\/maisondelaphilo-romainville.org\/index.php?rest_route=%2Fwp%2Fv2%2Ftags&post=1961"}],"curies":[{"name":"wp","href":"https:\/\/api.w.org\/{rel}","templated":true}]}}