{"id":1965,"date":"2020-05-15T10:47:58","date_gmt":"2020-05-15T09:47:58","guid":{"rendered":"http:\/\/maisondelaphilo-romainville.org\/?p=1965"},"modified":"2024-10-30T16:14:26","modified_gmt":"2024-10-30T15:14:26","slug":"les-reponses-de-notre-mission-philosophique-n3","status":"publish","type":"post","link":"https:\/\/maisondelaphilo-romainville.org\/?p=1965","title":{"rendered":"Les r\u00e9ponses de notre mission philosophique n\u00b03 !"},"content":{"rendered":"<p style=\"text-align:center;\">Bonjour \u00e0 toutes et tous !<\/p>\n<p style=\"text-align:center;\">Et voici les philosophes qui se cachaient derri\u00e8re les portraits de notre mission philosophique n\u00b03 :<\/p>\n<p>&nbsp;<\/p>\n<h4 id=\"firstHeading\" class=\"firstHeading\" style=\"text-align:center;\"><strong><span style=\"color:#800000;\">Friedrich Nietzsche (1844-1900)<\/span><\/strong><\/h4>\n\n<p>&nbsp;<\/p>\n<h4 style=\"text-align:center;\"><span style=\"color:#800000;\"><strong style=\"text-align:center;\">Emmanuel Kant (1724-1804)<\/strong><\/span><\/h4>\n\n<p>&nbsp;<\/p>\n<p style=\"text-align:center;\">Alors, vous les avez reconnu ?<\/p>\n<p style=\"text-align:center;\">Clara, une de nos jeunes participantes, a relev\u00e9 \u00e0 son tour, le d\u00e9fi de se d\u00e9guiser en philosophe ! A votre avis, qui se cache derri\u00e8re ce portrait ? Aidez-vous de l&#8217;indice qui vous a \u00e9t\u00e9 fourni !<\/p>\n\n<p style=\"text-align:center;\">Merci \u00e0 notre participante !<\/p>\n<p style=\"text-align:center;\">A bient\u00f4t !<\/p>\n","protected":false},"excerpt":{"rendered":"<p>Bonjour \u00e0 toutes et tous ! Et voici les philosophes qui se cachaient derri\u00e8re les portraits de notre mission philosophique n\u00b03 : &nbsp; Friedrich Nietzsche (1844-1900) &nbsp; Emmanuel Kant (1724-1804) &nbsp; Alors, vous les avez reconnu ? Clara, une de nos jeunes participantes, a relev\u00e9 \u00e0 son tour, le d\u00e9fi de se d\u00e9guiser en philosophe&hellip; <a href=\"https:\/\/maisondelaphilo-romainville.org\/?p=1965\" class=\"more-link\">Continue reading <span class=\"screen-reader-text\">Les r\u00e9ponses de notre mission philosophique n\u00b03 !<\/span><\/a><\/p>\n","protected":false},"author":1,"featured_media":0,"comment_status":"closed","ping_status":"open","sticky":false,"template":"","format":"standard","meta":{"iawp_total_views":3,"footnotes":""},"categories":[11,12],"tags":[],"class_list":["post-1965","post","type-post","status-publish","format-standard","hentry","category-missions-philosophiques","category-non-classe","without-featured-image"],"aioseo_notices":[],"jetpack_featured_media_url":"","_links":{"self":[{"href":"https:\/\/maisondelaphilo-romainville.org\/index.php?rest_route=\/wp\/v2\/posts\/1965","targetHints":{"allow":["GET"]}}],"collection":[{"href":"https:\/\/maisondelaphilo-romainville.org\/index.php?rest_route=\/wp\/v2\/posts"}],"about":[{"href":"https:\/\/maisondelaphilo-romainville.org\/index.php?rest_route=\/wp\/v2\/types\/post"}],"author":[{"embeddable":true,"href":"https:\/\/maisondelaphilo-romainville.org\/index.php?rest_route=\/wp\/v2\/users\/1"}],"replies":[{"embeddable":true,"href":"https:\/\/maisondelaphilo-romainville.org\/index.php?rest_route=%2Fwp%2Fv2%2Fcomments&post=1965"}],"version-history":[{"count":1,"href":"https:\/\/maisondelaphilo-romainville.org\/index.php?rest_route=\/wp\/v2\/posts\/1965\/revisions"}],"predecessor-version":[{"id":4951,"href":"https:\/\/maisondelaphilo-romainville.org\/index.php?rest_route=\/wp\/v2\/posts\/1965\/revisions\/4951"}],"wp:attachment":[{"href":"https:\/\/maisondelaphilo-romainville.org\/index.php?rest_route=%2Fwp%2Fv2%2Fmedia&parent=1965"}],"wp:term":[{"taxonomy":"category","embeddable":true,"href":"https:\/\/maisondelaphilo-romainville.org\/index.php?rest_route=%2Fwp%2Fv2%2Fcategories&post=1965"},{"taxonomy":"post_tag","embeddable":true,"href":"https:\/\/maisondelaphilo-romainville.org\/index.php?rest_route=%2Fwp%2Fv2%2Ftags&post=1965"}],"curies":[{"name":"wp","href":"https:\/\/api.w.org\/{rel}","templated":true}]}}