{"id":2284,"date":"2020-10-17T14:22:06","date_gmt":"2020-10-17T13:22:06","guid":{"rendered":"http:\/\/maisondelaphilo-romainville.org\/?p=2284"},"modified":"2024-10-30T16:14:02","modified_gmt":"2024-10-30T15:14:02","slug":"rendez-vous-des-ptits-philosophes-du-samedi-10-octobre-quand-on-communique-est-on-sur-de-se-comprendre","status":"publish","type":"post","link":"https:\/\/maisondelaphilo-romainville.org\/?p=2284","title":{"rendered":"Rendez-vous des P&#8217;tits Philosophes du samedi 10 octobre : &#8220;Quand on communique, est-on s\u00fbr de se comprendre?&#8221;"},"content":{"rendered":"\n<p class=\"has-text-align-justify\">Le<span style=\"color:#098d9f;\" class=\"has-inline-color\"> <\/span><strong><span style=\"color:#0992a4;\" class=\"has-inline-color\">samedi 10 octobr<\/span><span style=\"color:#0aa8bd;\" class=\"has-inline-color\">e<\/span><\/strong>, s&#8217;est d\u00e9roul\u00e9 le second Rendez-vous des P&#8217;tits Philosophes de l&#8217;ann\u00e9e ! Nous avons parl\u00e9 d&#8217;un th\u00e8me qui rel\u00e8ve du domaine de la Philosophie du Langage : la <span class=\"uppercase\"><strong><span style=\"color:#0094a3;\" class=\"has-inline-color\">Communication<\/span><\/strong>.<\/span> Et oui, communiquer est un outil bien pratique pour mener une discussion philosophique ! Mais parfois, savoir se faire comprendre n&#8217;est pas si simple que cela&#8230; Allons voir ce qu&#8217;en pensent nos chers petits Philosophes ! Bonne lecture !<\/p>\n\n\n\n<p class=\"has-text-align-justify\">L\u00e9onie a introduit l&#8217;atelier en racontant une fable pleine de philosophie :  <em><strong>Les Aveugles et l&#8217;El\u00e9phant<\/strong><\/em>. L&#8217;histoire nous a permis d&#8217;expliquer collectivement ce qu&#8217;on comprend derri\u00e8re le mot <span style=\"color:#06a19f;\" class=\"has-inline-color\"><span class=\"uppercase\">&#8220;<strong>communiquer&#8221;<\/strong><\/span>.<\/span>..<\/p>\n\n\n\n<p><em>&#8220;C&#8217;est parler, rassembler nos id\u00e9es.&#8221;<\/em> Elo\u00efse<\/p>\n\n\n\n<p><em>&#8220;C&#8217;est entrer en contact avec des personnes et cr\u00e9er des liens.&#8221;<\/em> Camille<\/p>\n\n\n\n<p><em>&#8220;C&#8217;est la seule fa\u00e7on de dire ce qu&#8217;on pense&#8221; <\/em>Gabriel P. <\/p>\n\n\n\n<p><em>&#8220;Communiquer, c&#8217;est se parler, essayer de se comprendre.&#8221;<\/em> Solel<\/p>\n\n\n\n<p><em>&#8220;C&#8217;est rassembler des id\u00e9es et les mettre en commun pour cr\u00e9er une seule grande id\u00e9e.&#8221; <\/em>Yassine<\/p>\n\n\n\n<p><em>&#8220;\u00e7a sert \u00e0 savoir plus de choses.&#8221; <\/em>C\u00e9leste<\/p>\n\n\n\n<p class=\"has-text-align-justify\"><em>&#8220;Communiquer, c&#8217;est pas forc\u00e9ment se parler. Il y a plusieurs fa\u00e7ons de communiquer. On peut parler, faire des signes, \u00e9crire, on peut communiquer avec le regard, en faisant des sons&#8230;&#8221; <\/em>Simon<\/p>\n\n\n\n<p><em>&#8220;C&#8217;est trouver la meilleure des r\u00e9ponses. Mais il n&#8217;y aura jamais de r\u00e9ponse parfaite.&#8221; <\/em>Gabriel S. <\/p>\n\n\n\n<p>Les enfants ont ensuite particip\u00e9 \u00e0 un jeu par bin\u00f4me : une phrase leur \u00e9tait donn\u00e9 sur un bout de papier. La consigne \u00e9tait la suivante : trouver <strong><span style=\"color:#03a5a0;\" class=\"has-inline-color\"><span class=\"uppercase\">3 moyens de communiquer <\/span><\/span><\/strong>cette phrase \u00e0 quelqu&#8217;un d&#8217;autre. <\/p>\n\n\n\n<p>Par exemple, <em>&#8220;J&#8217;ai sommeil. J&#8217;ai besoin de dormir&#8221;<\/em> ; &#8220;<em>Prendre rendez-vous chez le m\u00e9decin demain \u00e0 17h<\/em>&#8221; ; <em>&#8220;Je t&#8217;appr\u00e9cie. Veux-tu \u00eatre mon ami(e)?<\/em>&#8220;, etc. <\/p>\n\n\n\n<p>Plusieurs modes de communications ont \u00e9t\u00e9 trouv\u00e9 : la parole, le mime, l&#8217;\u00e9crit (lettre\/sms\/mail), le cri, le braille, le morse, le dessin, etc. <\/p>\n\n\n\n<p>Ce petit jeu a permis d&#8217;amorcer la discussion autour de la grande question du jour : <em><span style=\"color:#048690;\" class=\"has-inline-color\">&#8220;Quand on communique, est-on s\u00fbr de se comprendre ?&#8221;<\/span><\/em><\/p>\n\n\n\n<p><em>&#8220;On veut que l&#8217;autre comprenne ce qu&#8217;on veut dire. Des fois, on ne  comprend pas le bon truc&#8230;&#8221;<\/em> Simon<\/p>\n\n\n\n<p>&#8220;<em>Si l&#8217;autre ne comprend pas, on ne sait pas comment faire.&#8221;<\/em> L\u00e9onore<\/p>\n\n\n\n<p class=\"has-text-align-justify\"><em>&#8220;On n&#8217;est pas s\u00fbr de se comprendre car il y en a qui n&#8217;ont pas le m\u00eame sens de cette expression. On le voit dans le regard qu&#8217;on est s\u00fbr de se comprendre.&#8221;<\/em> Camille<\/p>\n\n\n\n<p class=\"has-text-align-justify\"><em>&#8220;Quand l&#8217;autre comprend autre chose, \u00e7a peut cr\u00e9er des disputes, des guerres parfois.&#8221;<\/em> Gabriel S.<\/p>\n\n\n\n<p><em>&#8220;Parfois, on fait aussi expr\u00e8s de ne pas comprendre.&#8221; <\/em>L\u00e9onore<\/p>\n\n\n\n<p><em>&#8220;Pour se comprendre, il faut un langage commun. Des fois, on est tellement fatigu\u00e9 qu&#8217;on int\u00e8gre les mots mais on ne les comprend pas.&#8221;<\/em> Ma\u00efa<\/p>\n\n\n\n<p><em>&#8220;Quand quelqu&#8217;un ne comprend pas et que tu le vois dans son regard, on le dit avec d&#8217;autres mots.&#8221;<\/em> Lila-Marie<\/p>\n\n\n\n<p class=\"has-text-align-justify\"><em>&#8220;On essaie de communiquer pour se faciliter la vie. Mais il y aura toujours des disputes car tout le monde n&#8217;est pas d&#8217;accord en m\u00eame temps.&#8221; <\/em>Gabriel S.<\/p>\n\n\n\n<p><em>&#8220;Il y en a qui ne comprennent pas, alors ils ne sont pas d&#8217;accords.&#8221; <\/em>L\u00e9onore. <\/p>\n\n\n\n<p class=\"has-text-align-justify\">Apr\u00e8s constat des difficult\u00e9s dans nos modes de communication, nous nous sommes demand\u00e9s ce qui \u00e9tait n\u00e9cessaire pour bien se comprendre. <\/p>\n\n\n\n<p class=\"has-text-align-justify\">L&#8217;usage d&#8217;un <strong>code commun<\/strong> a \u00e9t\u00e9 mentionn\u00e9&#8230;mais cela suffit-il pour vraiment se comprendre ? <\/p>\n\n\n\n<p class=\"has-text-align-center\"><strong><span style=\"color:#459996;\" class=\"has-inline-color\">Et selon vous, quelle serait LA recette pour bien se comprendre ? A votre tour de r\u00e9fl\u00e9chir \u00e0 cette question !<\/span><\/strong><\/p>\n","protected":false},"excerpt":{"rendered":"<p>Le samedi 10 octobre, s&#8217;est d\u00e9roul\u00e9 le second Rendez-vous des P&#8217;tits Philosophes de l&#8217;ann\u00e9e ! Nous avons parl\u00e9 d&#8217;un th\u00e8me qui rel\u00e8ve du domaine de la Philosophie du Langage : la Communication. Et oui, communiquer est un outil bien pratique pour mener une discussion philosophique ! Mais parfois, savoir se faire comprendre n&#8217;est pas si&hellip; <a href=\"https:\/\/maisondelaphilo-romainville.org\/?p=2284\" class=\"more-link\">Continue reading <span class=\"screen-reader-text\">Rendez-vous des P&#8217;tits Philosophes du samedi 10 octobre : &#8220;Quand on communique, est-on s\u00fbr de se comprendre?&#8221;<\/span><\/a><\/p>\n","protected":false},"author":1,"featured_media":0,"comment_status":"closed","ping_status":"open","sticky":false,"template":"","format":"standard","meta":{"iawp_total_views":7,"footnotes":""},"categories":[27,12,30],"tags":[],"class_list":["post-2284","post","type-post","status-publish","format-standard","hentry","category-les-rendez-vous-des-ptits-philosophes","category-non-classe","category-paroles-denfants","without-featured-image"],"aioseo_notices":[],"aioseo_head":"\n\t\t<!-- All in One SEO 5.0.1.1 - aioseo.com -->\n\t<meta name=\"description\" content=\"Le samedi 10 octobre, s&#039;est d\u00e9roul\u00e9 le second Rendez-vous des P&#039;tits Philosophes de l&#039;ann\u00e9e ! Nous avons parl\u00e9 d&#039;un th\u00e8me qui rel\u00e8ve du domaine de la Philosophie du Langage : la Communication. Et oui, communiquer est un outil bien pratique pour mener une discussion philosophique ! Mais parfois, savoir se faire comprendre n&#039;est pas si\" \/>\n\t<meta name=\"robots\" content=\"max-image-preview:large\" \/>\n\t<meta name=\"author\" content=\"maisondelaphilo\"\/>\n\t<link rel=\"canonical\" href=\"https:\/\/maisondelaphilo-romainville.org\/?p=2284\" \/>\n\t<meta name=\"generator\" content=\"All in One SEO (AIOSEO) 5.0.1.1\" \/>\n\t\t<meta property=\"og:locale\" content=\"en_US\" \/>\n\t\t<meta property=\"og:site_name\" content=\"Au fil de la pens\u00e9e, dans une ville philosophe ! -\" \/>\n\t\t<meta property=\"og:type\" content=\"article\" \/>\n\t\t<meta property=\"og:title\" content=\"Rendez-vous des P\u2019tits Philosophes du samedi 10 octobre : \u201cQuand on communique, est-on s\u00fbr de se comprendre?\u201d - Au fil de la pens\u00e9e, dans une ville philosophe !\" \/>\n\t\t<meta property=\"og:description\" content=\"Le samedi 10 octobre, s&#039;est d\u00e9roul\u00e9 le second Rendez-vous des P&#039;tits Philosophes de l&#039;ann\u00e9e ! Nous avons parl\u00e9 d&#039;un th\u00e8me qui rel\u00e8ve du domaine de la Philosophie du Langage : la Communication. Et oui, communiquer est un outil bien pratique pour mener une discussion philosophique ! Mais parfois, savoir se faire comprendre n&#039;est pas si\" \/>\n\t\t<meta property=\"og:url\" content=\"https:\/\/maisondelaphilo-romainville.org\/?p=2284\" \/>\n\t\t<meta property=\"og:image\" content=\"https:\/\/maisondelaphilo-romainville.org\/wp-content\/uploads\/2023\/11\/cropped-cropped-Logo-Maison-de-la-Philo.png\" \/>\n\t\t<meta property=\"og:image:secure_url\" content=\"https:\/\/maisondelaphilo-romainville.org\/wp-content\/uploads\/2023\/11\/cropped-cropped-Logo-Maison-de-la-Philo.png\" \/>\n\t\t<meta property=\"og:image:width\" content=\"862\" \/>\n\t\t<meta property=\"og:image:height\" content=\"125\" \/>\n\t\t<meta property=\"article:published_time\" content=\"2020-10-17T13:22:06+00:00\" \/>\n\t\t<meta property=\"article:modified_time\" content=\"2024-10-30T15:14:02+00:00\" \/>\n\t\t<meta property=\"article:publisher\" content=\"https:\/\/www.facebook.com\/profile.php?id=61553872209837\" \/>\n\t\t<meta name=\"twitter:card\" content=\"summary_large_image\" \/>\n\t\t<meta name=\"twitter:title\" content=\"Rendez-vous des P\u2019tits Philosophes du samedi 10 octobre : \u201cQuand on communique, est-on s\u00fbr de se comprendre?\u201d - Au fil de la pens\u00e9e, dans une ville philosophe !\" \/>\n\t\t<meta name=\"twitter:description\" content=\"Le samedi 10 octobre, s&#039;est d\u00e9roul\u00e9 le second Rendez-vous des P&#039;tits Philosophes de l&#039;ann\u00e9e ! Nous avons parl\u00e9 d&#039;un th\u00e8me qui rel\u00e8ve du domaine de la Philosophie du Langage : la Communication. Et oui, communiquer est un outil bien pratique pour mener une discussion philosophique ! Mais parfois, savoir se faire comprendre n&#039;est pas si\" \/>\n\t\t<meta name=\"twitter:image\" content=\"https:\/\/maisondelaphilo-romainville.org\/wp-content\/uploads\/2023\/11\/cropped-cropped-Logo-Maison-de-la-Philo.png\" \/>\n\t\t<script type=\"application\/ld+json\" class=\"aioseo-schema\">\n\t\t\t{\"@context\":\"https:\\\/\\\/schema.org\",\"@graph\":[{\"@type\":\"BlogPosting\",\"@id\":\"https:\\\/\\\/maisondelaphilo-romainville.org\\\/?p=2284#blogposting\",\"name\":\"Rendez-vous des P\\u2019tits Philosophes du samedi 10 octobre : \\u201cQuand on communique, est-on s\\u00fbr de se comprendre?\\u201d - Au fil de la pens\\u00e9e, dans une ville philosophe !\",\"headline\":\"Rendez-vous des P&#8217;tits Philosophes du samedi 10 octobre : &#8220;Quand on communique, est-on s\\u00fbr de se comprendre?&#8221;\",\"author\":{\"@id\":\"https:\\\/\\\/maisondelaphilo-romainville.org\\\/?author=1#author\"},\"publisher\":{\"@id\":\"https:\\\/\\\/maisondelaphilo-romainville.org\\\/#organization\"},\"image\":{\"@type\":\"ImageObject\",\"url\":\"https:\\\/\\\/maisondelaphilo-romainville.org\\\/wp-content\\\/uploads\\\/2024\\\/05\\\/Logo-Maison-de-la-Philo-square.png\",\"@id\":\"https:\\\/\\\/maisondelaphilo-romainville.org\\\/#articleImage\",\"width\":533,\"height\":267},\"datePublished\":\"2020-10-17T14:22:06+02:00\",\"dateModified\":\"2024-10-30T16:14:02+01:00\",\"inLanguage\":\"en-US\",\"mainEntityOfPage\":{\"@id\":\"https:\\\/\\\/maisondelaphilo-romainville.org\\\/?p=2284#webpage\"},\"isPartOf\":{\"@id\":\"https:\\\/\\\/maisondelaphilo-romainville.org\\\/?p=2284#webpage\"},\"articleSection\":\"Les Rendez-vous des P'tits Philosophes, Non class\\u00e9, Paroles d'enfants\"},{\"@type\":\"BreadcrumbList\",\"@id\":\"https:\\\/\\\/maisondelaphilo-romainville.org\\\/?p=2284#breadcrumblist\",\"itemListElement\":[{\"@type\":\"ListItem\",\"@id\":\"https:\\\/\\\/maisondelaphilo-romainville.org#listItem\",\"position\":1,\"name\":\"Home\",\"item\":\"https:\\\/\\\/maisondelaphilo-romainville.org\",\"nextItem\":{\"@type\":\"ListItem\",\"@id\":\"https:\\\/\\\/maisondelaphilo-romainville.org\\\/?cat=17#listItem\",\"name\":\"Philo pour enfants\"}},{\"@type\":\"ListItem\",\"@id\":\"https:\\\/\\\/maisondelaphilo-romainville.org\\\/?cat=17#listItem\",\"position\":2,\"name\":\"Philo pour enfants\",\"item\":\"https:\\\/\\\/maisondelaphilo-romainville.org\\\/?cat=17\",\"nextItem\":{\"@type\":\"ListItem\",\"@id\":\"https:\\\/\\\/maisondelaphilo-romainville.org\\\/?cat=27#listItem\",\"name\":\"Les Rendez-vous des P'tits Philosophes\"},\"previousItem\":{\"@type\":\"ListItem\",\"@id\":\"https:\\\/\\\/maisondelaphilo-romainville.org#listItem\",\"name\":\"Home\"}},{\"@type\":\"ListItem\",\"@id\":\"https:\\\/\\\/maisondelaphilo-romainville.org\\\/?cat=27#listItem\",\"position\":3,\"name\":\"Les Rendez-vous des P'tits Philosophes\",\"item\":\"https:\\\/\\\/maisondelaphilo-romainville.org\\\/?cat=27\",\"nextItem\":{\"@type\":\"ListItem\",\"@id\":\"https:\\\/\\\/maisondelaphilo-romainville.org\\\/?p=2284#listItem\",\"name\":\"Rendez-vous des P&#8217;tits Philosophes du samedi 10 octobre : &#8220;Quand on communique, est-on s\\u00fbr de se comprendre?&#8221;\"},\"previousItem\":{\"@type\":\"ListItem\",\"@id\":\"https:\\\/\\\/maisondelaphilo-romainville.org\\\/?cat=17#listItem\",\"name\":\"Philo pour enfants\"}},{\"@type\":\"ListItem\",\"@id\":\"https:\\\/\\\/maisondelaphilo-romainville.org\\\/?p=2284#listItem\",\"position\":4,\"name\":\"Rendez-vous des P&#8217;tits Philosophes du samedi 10 octobre : &#8220;Quand on communique, est-on s\\u00fbr de se comprendre?&#8221;\",\"previousItem\":{\"@type\":\"ListItem\",\"@id\":\"https:\\\/\\\/maisondelaphilo-romainville.org\\\/?cat=27#listItem\",\"name\":\"Les Rendez-vous des P'tits Philosophes\"}}]},{\"@type\":\"Organization\",\"@id\":\"https:\\\/\\\/maisondelaphilo-romainville.org\\\/#organization\",\"name\":\"La Maison de la Philo\",\"url\":\"https:\\\/\\\/maisondelaphilo-romainville.org\\\/\",\"logo\":{\"@type\":\"ImageObject\",\"url\":\"https:\\\/\\\/maisondelaphilo-romainville.org\\\/wp-content\\\/uploads\\\/2024\\\/05\\\/Logo-Maison-de-la-Philo-square.png\",\"@id\":\"https:\\\/\\\/maisondelaphilo-romainville.org\\\/?p=2284\\\/#organizationLogo\",\"width\":533,\"height\":267},\"image\":{\"@id\":\"https:\\\/\\\/maisondelaphilo-romainville.org\\\/?p=2284\\\/#organizationLogo\"},\"sameAs\":[\"https:\\\/\\\/www.facebook.com\\\/profile.php?id=61553872209837\",\"https:\\\/\\\/www.instagram.com\\\/maisondelaphilo93230\\\/\"]},{\"@type\":\"Person\",\"@id\":\"https:\\\/\\\/maisondelaphilo-romainville.org\\\/?author=1#author\",\"url\":\"https:\\\/\\\/maisondelaphilo-romainville.org\\\/?author=1\",\"name\":\"maisondelaphilo\",\"image\":{\"@type\":\"ImageObject\",\"@id\":\"https:\\\/\\\/maisondelaphilo-romainville.org\\\/?p=2284#authorImage\",\"url\":\"https:\\\/\\\/secure.gravatar.com\\\/avatar\\\/bc879b2bd103c3b4441a802726afa490a65771b6d5e0f23268ce1207153fee5d?s=96&d=mm&r=g\",\"width\":96,\"height\":96,\"caption\":\"maisondelaphilo\"}},{\"@type\":\"WebPage\",\"@id\":\"https:\\\/\\\/maisondelaphilo-romainville.org\\\/?p=2284#webpage\",\"url\":\"https:\\\/\\\/maisondelaphilo-romainville.org\\\/?p=2284\",\"name\":\"Rendez-vous des P\\u2019tits Philosophes du samedi 10 octobre : \\u201cQuand on communique, est-on s\\u00fbr de se comprendre?\\u201d - Au fil de la pens\\u00e9e, dans une ville philosophe !\",\"description\":\"Le samedi 10 octobre, s'est d\\u00e9roul\\u00e9 le second Rendez-vous des P'tits Philosophes de l'ann\\u00e9e ! Nous avons parl\\u00e9 d'un th\\u00e8me qui rel\\u00e8ve du domaine de la Philosophie du Langage : la Communication. Et oui, communiquer est un outil bien pratique pour mener une discussion philosophique ! Mais parfois, savoir se faire comprendre n'est pas si\",\"inLanguage\":\"en-US\",\"isPartOf\":{\"@id\":\"https:\\\/\\\/maisondelaphilo-romainville.org\\\/#website\"},\"breadcrumb\":{\"@id\":\"https:\\\/\\\/maisondelaphilo-romainville.org\\\/?p=2284#breadcrumblist\"},\"author\":{\"@id\":\"https:\\\/\\\/maisondelaphilo-romainville.org\\\/?author=1#author\"},\"creator\":{\"@id\":\"https:\\\/\\\/maisondelaphilo-romainville.org\\\/?author=1#author\"},\"datePublished\":\"2020-10-17T14:22:06+02:00\",\"dateModified\":\"2024-10-30T16:14:02+01:00\"},{\"@type\":\"WebSite\",\"@id\":\"https:\\\/\\\/maisondelaphilo-romainville.org\\\/#website\",\"url\":\"https:\\\/\\\/maisondelaphilo-romainville.org\\\/\",\"name\":\"Au fil de la pens\\u00e9e, dans une ville philosophe !\",\"inLanguage\":\"en-US\",\"publisher\":{\"@id\":\"https:\\\/\\\/maisondelaphilo-romainville.org\\\/#organization\"}}]}\n\t\t<\/script>\n\t\t<!-- All in One SEO -->\n\n","aioseo_head_json":{"title":"Rendez-vous des P\u2019tits Philosophes du samedi 10 octobre : \u201cQuand on communique, est-on s\u00fbr de se comprendre?\u201d - Au fil de la pens\u00e9e, dans une ville philosophe !","description":"Le samedi 10 octobre, s'est d\u00e9roul\u00e9 le second Rendez-vous des P'tits Philosophes de l'ann\u00e9e ! Nous avons parl\u00e9 d'un th\u00e8me qui rel\u00e8ve du domaine de la Philosophie du Langage : la Communication. Et oui, communiquer est un outil bien pratique pour mener une discussion philosophique ! Mais parfois, savoir se faire comprendre n'est pas si","canonical_url":"https:\/\/maisondelaphilo-romainville.org\/?p=2284","robots":"max-image-preview:large","keywords":"","webmasterTools":{"miscellaneous":""},"schema":{"@context":"https:\/\/schema.org","@graph":[{"@type":"BlogPosting","@id":"https:\/\/maisondelaphilo-romainville.org\/?p=2284#blogposting","name":"Rendez-vous des P\u2019tits Philosophes du samedi 10 octobre : \u201cQuand on communique, est-on s\u00fbr de se comprendre?\u201d - Au fil de la pens\u00e9e, dans une ville philosophe !","headline":"Rendez-vous des P&#8217;tits Philosophes du samedi 10 octobre : &#8220;Quand on communique, est-on s\u00fbr de se comprendre?&#8221;","author":{"@id":"https:\/\/maisondelaphilo-romainville.org\/?author=1#author"},"publisher":{"@id":"https:\/\/maisondelaphilo-romainville.org\/#organization"},"image":{"@type":"ImageObject","url":"https:\/\/maisondelaphilo-romainville.org\/wp-content\/uploads\/2024\/05\/Logo-Maison-de-la-Philo-square.png","@id":"https:\/\/maisondelaphilo-romainville.org\/#articleImage","width":533,"height":267},"datePublished":"2020-10-17T14:22:06+02:00","dateModified":"2024-10-30T16:14:02+01:00","inLanguage":"en-US","mainEntityOfPage":{"@id":"https:\/\/maisondelaphilo-romainville.org\/?p=2284#webpage"},"isPartOf":{"@id":"https:\/\/maisondelaphilo-romainville.org\/?p=2284#webpage"},"articleSection":"Les Rendez-vous des P'tits Philosophes, Non class\u00e9, Paroles d'enfants"},{"@type":"BreadcrumbList","@id":"https:\/\/maisondelaphilo-romainville.org\/?p=2284#breadcrumblist","itemListElement":[{"@type":"ListItem","@id":"https:\/\/maisondelaphilo-romainville.org#listItem","position":1,"name":"Home","item":"https:\/\/maisondelaphilo-romainville.org","nextItem":{"@type":"ListItem","@id":"https:\/\/maisondelaphilo-romainville.org\/?cat=17#listItem","name":"Philo pour enfants"}},{"@type":"ListItem","@id":"https:\/\/maisondelaphilo-romainville.org\/?cat=17#listItem","position":2,"name":"Philo pour enfants","item":"https:\/\/maisondelaphilo-romainville.org\/?cat=17","nextItem":{"@type":"ListItem","@id":"https:\/\/maisondelaphilo-romainville.org\/?cat=27#listItem","name":"Les Rendez-vous des P'tits Philosophes"},"previousItem":{"@type":"ListItem","@id":"https:\/\/maisondelaphilo-romainville.org#listItem","name":"Home"}},{"@type":"ListItem","@id":"https:\/\/maisondelaphilo-romainville.org\/?cat=27#listItem","position":3,"name":"Les Rendez-vous des P'tits Philosophes","item":"https:\/\/maisondelaphilo-romainville.org\/?cat=27","nextItem":{"@type":"ListItem","@id":"https:\/\/maisondelaphilo-romainville.org\/?p=2284#listItem","name":"Rendez-vous des P&#8217;tits Philosophes du samedi 10 octobre : &#8220;Quand on communique, est-on s\u00fbr de se comprendre?&#8221;"},"previousItem":{"@type":"ListItem","@id":"https:\/\/maisondelaphilo-romainville.org\/?cat=17#listItem","name":"Philo pour enfants"}},{"@type":"ListItem","@id":"https:\/\/maisondelaphilo-romainville.org\/?p=2284#listItem","position":4,"name":"Rendez-vous des P&#8217;tits Philosophes du samedi 10 octobre : &#8220;Quand on communique, est-on s\u00fbr de se comprendre?&#8221;","previousItem":{"@type":"ListItem","@id":"https:\/\/maisondelaphilo-romainville.org\/?cat=27#listItem","name":"Les Rendez-vous des P'tits Philosophes"}}]},{"@type":"Organization","@id":"https:\/\/maisondelaphilo-romainville.org\/#organization","name":"La Maison de la Philo","url":"https:\/\/maisondelaphilo-romainville.org\/","logo":{"@type":"ImageObject","url":"https:\/\/maisondelaphilo-romainville.org\/wp-content\/uploads\/2024\/05\/Logo-Maison-de-la-Philo-square.png","@id":"https:\/\/maisondelaphilo-romainville.org\/?p=2284\/#organizationLogo","width":533,"height":267},"image":{"@id":"https:\/\/maisondelaphilo-romainville.org\/?p=2284\/#organizationLogo"},"sameAs":["https:\/\/www.facebook.com\/profile.php?id=61553872209837","https:\/\/www.instagram.com\/maisondelaphilo93230\/"]},{"@type":"Person","@id":"https:\/\/maisondelaphilo-romainville.org\/?author=1#author","url":"https:\/\/maisondelaphilo-romainville.org\/?author=1","name":"maisondelaphilo","image":{"@type":"ImageObject","@id":"https:\/\/maisondelaphilo-romainville.org\/?p=2284#authorImage","url":"https:\/\/secure.gravatar.com\/avatar\/bc879b2bd103c3b4441a802726afa490a65771b6d5e0f23268ce1207153fee5d?s=96&d=mm&r=g","width":96,"height":96,"caption":"maisondelaphilo"}},{"@type":"WebPage","@id":"https:\/\/maisondelaphilo-romainville.org\/?p=2284#webpage","url":"https:\/\/maisondelaphilo-romainville.org\/?p=2284","name":"Rendez-vous des P\u2019tits Philosophes du samedi 10 octobre : \u201cQuand on communique, est-on s\u00fbr de se comprendre?\u201d - Au fil de la pens\u00e9e, dans une ville philosophe !","description":"Le samedi 10 octobre, s'est d\u00e9roul\u00e9 le second Rendez-vous des P'tits Philosophes de l'ann\u00e9e ! Nous avons parl\u00e9 d'un th\u00e8me qui rel\u00e8ve du domaine de la Philosophie du Langage : la Communication. Et oui, communiquer est un outil bien pratique pour mener une discussion philosophique ! Mais parfois, savoir se faire comprendre n'est pas si","inLanguage":"en-US","isPartOf":{"@id":"https:\/\/maisondelaphilo-romainville.org\/#website"},"breadcrumb":{"@id":"https:\/\/maisondelaphilo-romainville.org\/?p=2284#breadcrumblist"},"author":{"@id":"https:\/\/maisondelaphilo-romainville.org\/?author=1#author"},"creator":{"@id":"https:\/\/maisondelaphilo-romainville.org\/?author=1#author"},"datePublished":"2020-10-17T14:22:06+02:00","dateModified":"2024-10-30T16:14:02+01:00"},{"@type":"WebSite","@id":"https:\/\/maisondelaphilo-romainville.org\/#website","url":"https:\/\/maisondelaphilo-romainville.org\/","name":"Au fil de la pens\u00e9e, dans une ville philosophe !","inLanguage":"en-US","publisher":{"@id":"https:\/\/maisondelaphilo-romainville.org\/#organization"}}]},"og:locale":"en_US","og:site_name":"Au fil de la pens\u00e9e, dans une ville philosophe ! -","og:type":"article","og:title":"Rendez-vous des P\u2019tits Philosophes du samedi 10 octobre : \u201cQuand on communique, est-on s\u00fbr de se comprendre?\u201d - Au fil de la pens\u00e9e, dans une ville philosophe !","og:description":"Le samedi 10 octobre, s'est d\u00e9roul\u00e9 le second Rendez-vous des P'tits Philosophes de l'ann\u00e9e ! Nous avons parl\u00e9 d'un th\u00e8me qui rel\u00e8ve du domaine de la Philosophie du Langage : la Communication. Et oui, communiquer est un outil bien pratique pour mener une discussion philosophique ! Mais parfois, savoir se faire comprendre n'est pas si","og:url":"https:\/\/maisondelaphilo-romainville.org\/?p=2284","og:image":"https:\/\/maisondelaphilo-romainville.org\/wp-content\/uploads\/2023\/11\/cropped-cropped-Logo-Maison-de-la-Philo.png","og:image:secure_url":"https:\/\/maisondelaphilo-romainville.org\/wp-content\/uploads\/2023\/11\/cropped-cropped-Logo-Maison-de-la-Philo.png","og:image:width":862,"og:image:height":125,"article:published_time":"2020-10-17T13:22:06+00:00","article:modified_time":"2024-10-30T15:14:02+00:00","article:publisher":"https:\/\/www.facebook.com\/profile.php?id=61553872209837","twitter:card":"summary_large_image","twitter:title":"Rendez-vous des P\u2019tits Philosophes du samedi 10 octobre : \u201cQuand on communique, est-on s\u00fbr de se comprendre?\u201d - Au fil de la pens\u00e9e, dans une ville philosophe !","twitter:description":"Le samedi 10 octobre, s'est d\u00e9roul\u00e9 le second Rendez-vous des P'tits Philosophes de l'ann\u00e9e ! Nous avons parl\u00e9 d'un th\u00e8me qui rel\u00e8ve du domaine de la Philosophie du Langage : la Communication. Et oui, communiquer est un outil bien pratique pour mener une discussion philosophique ! Mais parfois, savoir se faire comprendre n'est pas si","twitter:image":"https:\/\/maisondelaphilo-romainville.org\/wp-content\/uploads\/2023\/11\/cropped-cropped-Logo-Maison-de-la-Philo.png"},"aioseo_meta_data":{"post_id":"2284","title":null,"description":null,"keywords":null,"keyphrases":null,"primary_term":null,"canonical_url":null,"og_title":null,"og_description":null,"og_object_type":"default","og_image_type":"default","og_image_url":null,"og_image_width":null,"og_image_height":null,"og_image_custom_url":null,"og_image_custom_fields":null,"og_video":null,"og_custom_url":null,"og_article_section":null,"og_article_tags":null,"twitter_use_og":false,"twitter_card":"default","twitter_image_type":"default","twitter_image_url":null,"twitter_image_custom_url":null,"twitter_image_custom_fields":null,"twitter_title":null,"twitter_description":null,"schema":{"blockGraphs":[],"customGraphs":[],"default":{"data":{"Article":[],"Course":[],"Dataset":[],"FAQPage":[],"Movie":[],"Person":[],"Product":[],"ProductReview":[],"Car":[],"Recipe":[],"Service":[],"SoftwareApplication":[],"WebPage":[]},"graphName":"","isEnabled":true},"graphs":[]},"schema_type":"default","schema_type_options":null,"pillar_content":false,"robots_default":true,"robots_noindex":false,"robots_noarchive":false,"robots_nosnippet":false,"robots_nofollow":false,"robots_noimageindex":false,"robots_noodp":false,"robots_notranslate":false,"robots_max_snippet":null,"robots_max_videopreview":null,"robots_max_imagepreview":"large","priority":null,"frequency":null,"local_seo":null,"breadcrumb_settings":null,"limit_modified_date":false,"ai":null,"created":"2023-11-02 16:43:57","updated":"2025-06-04 14:44:27","seo_analyzer_scan_date":null,"focus_keyword":null,"additional_keywords":null,"truseo_locale":null},"aioseo_breadcrumb":"<div class=\"aioseo-breadcrumbs\"><span class=\"aioseo-breadcrumb\">\n\t\t\t<a href=\"https:\/\/maisondelaphilo-romainville.org\" title=\"Home\">Home<\/a>\n\t\t<\/span><span class=\"aioseo-breadcrumb-separator\">&raquo;<\/span><span class=\"aioseo-breadcrumb\">\n\t\t\t<a href=\"https:\/\/maisondelaphilo-romainville.org\/?cat=17\" title=\"Philo pour enfants\">Philo pour enfants<\/a>\n\t\t<\/span><span class=\"aioseo-breadcrumb-separator\">&raquo;<\/span><span class=\"aioseo-breadcrumb\">\n\t\t\t<a href=\"https:\/\/maisondelaphilo-romainville.org\/?cat=27\" title=\"Les Rendez-vous des P&#039;tits Philosophes\">Les Rendez-vous des P'tits Philosophes<\/a>\n\t\t<\/span><span class=\"aioseo-breadcrumb-separator\">&raquo;<\/span><span class=\"aioseo-breadcrumb\">\n\t\t\tRendez-vous des P\u2019tits Philosophes du samedi 10 octobre : \u201cQuand on communique, est-on s\u00fbr de se comprendre?\u201d\n\t\t<\/span><\/div>","aioseo_breadcrumb_json":[{"label":"Home","link":"https:\/\/maisondelaphilo-romainville.org"},{"label":"Philo pour enfants","link":"https:\/\/maisondelaphilo-romainville.org\/?cat=17"},{"label":"Les Rendez-vous des P'tits Philosophes","link":"https:\/\/maisondelaphilo-romainville.org\/?cat=27"},{"label":"Rendez-vous des P&#8217;tits Philosophes du samedi 10 octobre : &#8220;Quand on communique, est-on s\u00fbr de se comprendre?&#8221;","link":"https:\/\/maisondelaphilo-romainville.org\/?p=2284"}],"jetpack_featured_media_url":"","_links":{"self":[{"href":"https:\/\/maisondelaphilo-romainville.org\/index.php?rest_route=\/wp\/v2\/posts\/2284","targetHints":{"allow":["GET"]}}],"collection":[{"href":"https:\/\/maisondelaphilo-romainville.org\/index.php?rest_route=\/wp\/v2\/posts"}],"about":[{"href":"https:\/\/maisondelaphilo-romainville.org\/index.php?rest_route=\/wp\/v2\/types\/post"}],"author":[{"embeddable":true,"href":"https:\/\/maisondelaphilo-romainville.org\/index.php?rest_route=\/wp\/v2\/users\/1"}],"replies":[{"embeddable":true,"href":"https:\/\/maisondelaphilo-romainville.org\/index.php?rest_route=%2Fwp%2Fv2%2Fcomments&post=2284"}],"version-history":[{"count":1,"href":"https:\/\/maisondelaphilo-romainville.org\/index.php?rest_route=\/wp\/v2\/posts\/2284\/revisions"}],"predecessor-version":[{"id":4932,"href":"https:\/\/maisondelaphilo-romainville.org\/index.php?rest_route=\/wp\/v2\/posts\/2284\/revisions\/4932"}],"wp:attachment":[{"href":"https:\/\/maisondelaphilo-romainville.org\/index.php?rest_route=%2Fwp%2Fv2%2Fmedia&parent=2284"}],"wp:term":[{"taxonomy":"category","embeddable":true,"href":"https:\/\/maisondelaphilo-romainville.org\/index.php?rest_route=%2Fwp%2Fv2%2Fcategories&post=2284"},{"taxonomy":"post_tag","embeddable":true,"href":"https:\/\/maisondelaphilo-romainville.org\/index.php?rest_route=%2Fwp%2Fv2%2Ftags&post=2284"}],"curies":[{"name":"wp","href":"https:\/\/api.w.org\/{rel}","templated":true}]}}