{"id":237,"date":"2015-12-07T10:13:51","date_gmt":"2015-12-07T09:13:51","guid":{"rendered":"http:\/\/maisondelaphilo-romainville.org\/?p=237"},"modified":"2024-10-30T16:16:02","modified_gmt":"2024-10-30T15:16:02","slug":"romainville-recompensee-par-le-label-ville-philosophe-2","status":"publish","type":"post","link":"https:\/\/maisondelaphilo-romainville.org\/?p=237","title":{"rendered":"Romainville, r\u00e9compens\u00e9e par le Label Ville Philosophe !"},"content":{"rendered":"<p><img loading=\"lazy\" decoding=\"async\" class=\"alignnone size-full wp-image-122\" src=\"https:\/\/maisondelaphiloromainvilledotorg.files.wordpress.com\/2015\/11\/capture-d_ecc81cran-2015-11-29-acc80-15-24-33.png\" alt=\"Capture d\u2019e\u0301cran 2015-11-29 a\u0300 15.24.33\" width=\"1390\" height=\"561\" srcset=\"https:\/\/maisondelaphilo-romainville.org\/wp-content\/uploads\/2015\/11\/capture-d_ecc81cran-2015-11-29-acc80-15-24-33.png 1390w, https:\/\/maisondelaphilo-romainville.org\/wp-content\/uploads\/2015\/11\/capture-d_ecc81cran-2015-11-29-acc80-15-24-33-300x121.png 300w, https:\/\/maisondelaphilo-romainville.org\/wp-content\/uploads\/2015\/11\/capture-d_ecc81cran-2015-11-29-acc80-15-24-33-1024x413.png 1024w, https:\/\/maisondelaphilo-romainville.org\/wp-content\/uploads\/2015\/11\/capture-d_ecc81cran-2015-11-29-acc80-15-24-33-768x310.png 768w\" sizes=\"auto, (max-width: 1390px) 100vw, 1390px\" \/><\/p>\n<p>Depuis 2009, la philosophie a progressivement trouv\u00e9 sa place dans le paysage \u00e9ducatif et culturel de Romainville. Apr\u00e8s deux ann\u00e9es dans les \u00e9coles et l&#8217;Espace de proximit\u00e9 Mandela, le \u00ab projet Philo pour tous \u00bb a \u00e9t\u00e9 cr\u00e9\u00e9 en 2011, dans le cadre d&#8217;une recherche doctorale en partenariat avec l&#8217;Universit\u00e9 Paris 1.<\/p>\n<p>Tr\u00e8s vite, les ateliers de philosophie se sont multipli\u00e9s aupr\u00e8s d&#8217;un public large : dans les \u00e9coles, les coll\u00e8ges, les centres de loisirs, \u00e0 la m\u00e9diath\u00e8que ou \u00e0 la maison des retrait\u00e9s. Les cin\u00e9s-philo et caf\u00e9s-philo ont \u00e9galement vu le jour.<\/p>\n<p>La richesse de la programmation a permis \u00e0 la Ville de Romainville d&#8217;obtenir en novembre 2013 le label \u00ab Villes Philosophes \u00bb, d\u00e9cern\u00e9 par l&#8217;Association PhiloLab, pionni\u00e8re de la promotion de la philosophie dans la soci\u00e9t\u00e9.<\/p>\n<p>Partez \u00e0 la recherche des panneaux &#8220;Ville Philosophe&#8221;, pr\u00e9sents aux entr\u00e9es de la commune \u00e0 compter du 1er d\u00e9cembre 2015 !<\/p>\n","protected":false},"excerpt":{"rendered":"<p>Depuis 2009, la philosophie a progressivement trouv\u00e9 sa place dans le paysage \u00e9ducatif et culturel de Romainville. Apr\u00e8s deux ann\u00e9es dans les \u00e9coles et l&#8217;Espace de proximit\u00e9 Mandela, le \u00ab projet Philo pour tous \u00bb a \u00e9t\u00e9 cr\u00e9\u00e9 en 2011, dans le cadre d&#8217;une recherche doctorale en partenariat avec l&#8217;Universit\u00e9 Paris 1. Tr\u00e8s vite, les&hellip; <a href=\"https:\/\/maisondelaphilo-romainville.org\/?p=237\" class=\"more-link\">Continue reading <span class=\"screen-reader-text\">Romainville, r\u00e9compens\u00e9e par le Label Ville Philosophe !<\/span><\/a><\/p>\n","protected":false},"author":1,"featured_media":0,"comment_status":"closed","ping_status":"open","sticky":false,"template":"","format":"standard","meta":{"iawp_total_views":5,"footnotes":""},"categories":[20],"tags":[],"class_list":["post-237","post","type-post","status-publish","format-standard","hentry","category-romainville-philosophe","without-featured-image"],"aioseo_notices":[],"jetpack_featured_media_url":"","_links":{"self":[{"href":"https:\/\/maisondelaphilo-romainville.org\/index.php?rest_route=\/wp\/v2\/posts\/237","targetHints":{"allow":["GET"]}}],"collection":[{"href":"https:\/\/maisondelaphilo-romainville.org\/index.php?rest_route=\/wp\/v2\/posts"}],"about":[{"href":"https:\/\/maisondelaphilo-romainville.org\/index.php?rest_route=\/wp\/v2\/types\/post"}],"author":[{"embeddable":true,"href":"https:\/\/maisondelaphilo-romainville.org\/index.php?rest_route=\/wp\/v2\/users\/1"}],"replies":[{"embeddable":true,"href":"https:\/\/maisondelaphilo-romainville.org\/index.php?rest_route=%2Fwp%2Fv2%2Fcomments&post=237"}],"version-history":[{"count":1,"href":"https:\/\/maisondelaphilo-romainville.org\/index.php?rest_route=\/wp\/v2\/posts\/237\/revisions"}],"predecessor-version":[{"id":5891,"href":"https:\/\/maisondelaphilo-romainville.org\/index.php?rest_route=\/wp\/v2\/posts\/237\/revisions\/5891"}],"wp:attachment":[{"href":"https:\/\/maisondelaphilo-romainville.org\/index.php?rest_route=%2Fwp%2Fv2%2Fmedia&parent=237"}],"wp:term":[{"taxonomy":"category","embeddable":true,"href":"https:\/\/maisondelaphilo-romainville.org\/index.php?rest_route=%2Fwp%2Fv2%2Fcategories&post=237"},{"taxonomy":"post_tag","embeddable":true,"href":"https:\/\/maisondelaphilo-romainville.org\/index.php?rest_route=%2Fwp%2Fv2%2Ftags&post=237"}],"curies":[{"name":"wp","href":"https:\/\/api.w.org\/{rel}","templated":true}]}}