{"id":2498,"date":"2021-02-12T17:52:01","date_gmt":"2021-02-12T16:52:01","guid":{"rendered":"http:\/\/maisondelaphilo-romainville.org\/?p=2498"},"modified":"2024-10-30T16:13:52","modified_gmt":"2024-10-30T15:13:52","slug":"compte-rendu-cafe-philo-peut-on-etre-veritablement-amis-6-fevrier-2021","status":"publish","type":"post","link":"https:\/\/maisondelaphilo-romainville.org\/?p=2498","title":{"rendered":"Compte-rendu Caf\u00e9-Philo &#8220;Peut-on \u00eatre v\u00e9ritablement amis ?&#8221; &#8211; 6 f\u00e9vrier 2021"},"content":{"rendered":"\n<p>Suite \u00e0 notre fructueux \u00e9change du 6 f\u00e9vrier, voici le compte-rendu !<\/p>\n\n\n\n<div class=\"wp-block-file\"><a href=\"https:\/\/maisondelaphiloromainvilledotorg.files.wordpress.com\/2021\/02\/cafecc81philo-lamitiecc81-janv2020.pdf\" class=\"wp-block-file__button\" download>T\u00e9l\u00e9charger<\/a><\/div>\n\n\n\n<p><\/p>\n","protected":false},"excerpt":{"rendered":"<p>Suite \u00e0 notre fructueux \u00e9change du 6 f\u00e9vrier, voici le compte-rendu !<\/p>\n","protected":false},"author":1,"featured_media":0,"comment_status":"closed","ping_status":"open","sticky":false,"template":"","format":"standard","meta":{"iawp_total_views":1,"footnotes":""},"categories":[12],"tags":[],"class_list":["post-2498","post","type-post","status-publish","format-standard","hentry","category-non-classe","without-featured-image"],"aioseo_notices":[],"jetpack_featured_media_url":"","_links":{"self":[{"href":"https:\/\/maisondelaphilo-romainville.org\/index.php?rest_route=\/wp\/v2\/posts\/2498","targetHints":{"allow":["GET"]}}],"collection":[{"href":"https:\/\/maisondelaphilo-romainville.org\/index.php?rest_route=\/wp\/v2\/posts"}],"about":[{"href":"https:\/\/maisondelaphilo-romainville.org\/index.php?rest_route=\/wp\/v2\/types\/post"}],"author":[{"embeddable":true,"href":"https:\/\/maisondelaphilo-romainville.org\/index.php?rest_route=\/wp\/v2\/users\/1"}],"replies":[{"embeddable":true,"href":"https:\/\/maisondelaphilo-romainville.org\/index.php?rest_route=%2Fwp%2Fv2%2Fcomments&post=2498"}],"version-history":[{"count":1,"href":"https:\/\/maisondelaphilo-romainville.org\/index.php?rest_route=\/wp\/v2\/posts\/2498\/revisions"}],"predecessor-version":[{"id":4917,"href":"https:\/\/maisondelaphilo-romainville.org\/index.php?rest_route=\/wp\/v2\/posts\/2498\/revisions\/4917"}],"wp:attachment":[{"href":"https:\/\/maisondelaphilo-romainville.org\/index.php?rest_route=%2Fwp%2Fv2%2Fmedia&parent=2498"}],"wp:term":[{"taxonomy":"category","embeddable":true,"href":"https:\/\/maisondelaphilo-romainville.org\/index.php?rest_route=%2Fwp%2Fv2%2Fcategories&post=2498"},{"taxonomy":"post_tag","embeddable":true,"href":"https:\/\/maisondelaphilo-romainville.org\/index.php?rest_route=%2Fwp%2Fv2%2Ftags&post=2498"}],"curies":[{"name":"wp","href":"https:\/\/api.w.org\/{rel}","templated":true}]}}