{"id":3030,"date":"2021-12-18T10:00:09","date_gmt":"2021-12-18T09:00:09","guid":{"rendered":"https:\/\/maisondelaphilo-romainville.org\/?p=3030"},"modified":"2024-10-30T16:13:30","modified_gmt":"2024-10-30T15:13:30","slug":"24-et-31-decembre-fermeture-a-16h","status":"publish","type":"post","link":"https:\/\/maisondelaphilo-romainville.org\/?p=3030","title":{"rendered":"24 et 31 d\u00e9cembre : fermeture \u00e0 16h"},"content":{"rendered":"\n<p>Bonjour \u00e0 toutes et \u00e0 tous,<\/p>\n\n\n\n<p><\/p>\n\n\n\n<p>En raison des f\u00eates, la Maison de la Philo fermera ses portes \u00e0 16h les vendredis 24 d\u00e9cembre et 31 d\u00e9cembre (pour info, c&#8217;est le cas de l&#8217;ensemble des services de la ville).<\/p>\n\n\n\n<p>Bonnes f\u00eates !<\/p>\n","protected":false},"excerpt":{"rendered":"<p>Bonjour \u00e0 toutes et \u00e0 tous, En raison des f\u00eates, la Maison de la Philo fermera ses portes \u00e0 16h les vendredis 24 d\u00e9cembre et 31 d\u00e9cembre (pour info, c&#8217;est le cas de l&#8217;ensemble des services de la ville). Bonnes f\u00eates !<\/p>\n","protected":false},"author":1,"featured_media":0,"comment_status":"closed","ping_status":"open","sticky":false,"template":"","format":"standard","meta":{"iawp_total_views":1,"footnotes":""},"categories":[12],"tags":[],"class_list":["post-3030","post","type-post","status-publish","format-standard","hentry","category-non-classe","without-featured-image"],"aioseo_notices":[],"jetpack_featured_media_url":"","_links":{"self":[{"href":"https:\/\/maisondelaphilo-romainville.org\/index.php?rest_route=\/wp\/v2\/posts\/3030","targetHints":{"allow":["GET"]}}],"collection":[{"href":"https:\/\/maisondelaphilo-romainville.org\/index.php?rest_route=\/wp\/v2\/posts"}],"about":[{"href":"https:\/\/maisondelaphilo-romainville.org\/index.php?rest_route=\/wp\/v2\/types\/post"}],"author":[{"embeddable":true,"href":"https:\/\/maisondelaphilo-romainville.org\/index.php?rest_route=\/wp\/v2\/users\/1"}],"replies":[{"embeddable":true,"href":"https:\/\/maisondelaphilo-romainville.org\/index.php?rest_route=%2Fwp%2Fv2%2Fcomments&post=3030"}],"version-history":[{"count":1,"href":"https:\/\/maisondelaphilo-romainville.org\/index.php?rest_route=\/wp\/v2\/posts\/3030\/revisions"}],"predecessor-version":[{"id":4808,"href":"https:\/\/maisondelaphilo-romainville.org\/index.php?rest_route=\/wp\/v2\/posts\/3030\/revisions\/4808"}],"wp:attachment":[{"href":"https:\/\/maisondelaphilo-romainville.org\/index.php?rest_route=%2Fwp%2Fv2%2Fmedia&parent=3030"}],"wp:term":[{"taxonomy":"category","embeddable":true,"href":"https:\/\/maisondelaphilo-romainville.org\/index.php?rest_route=%2Fwp%2Fv2%2Fcategories&post=3030"},{"taxonomy":"post_tag","embeddable":true,"href":"https:\/\/maisondelaphilo-romainville.org\/index.php?rest_route=%2Fwp%2Fv2%2Ftags&post=3030"}],"curies":[{"name":"wp","href":"https:\/\/api.w.org\/{rel}","templated":true}]}}