{"id":312,"date":"2015-12-13T11:41:10","date_gmt":"2015-12-13T10:41:10","guid":{"rendered":"http:\/\/maisondelaphilo-romainville.org\/?p=312"},"modified":"2024-10-30T16:16:02","modified_gmt":"2024-10-30T15:16:02","slug":"compte-rendu-du-dernier-cafe-philo-sommes-nous-tous-des-menteurs","status":"publish","type":"post","link":"https:\/\/maisondelaphilo-romainville.org\/?p=312","title":{"rendered":"Compte-rendu du dernier Caf\u00e9-Philo &#8220;Sommes-nous tous des menteurs?&#8221;"},"content":{"rendered":"<p>Ci-joint vous trouverez les \u00e9l\u00e9ments que nous avons abord\u00e9s lors du caf\u00e9-Philo hier, le 12 d\u00e9cembre 2015 : les principales questions, le point de vue de Kant sur le droit de mentir, et quelques pistes de r\u00e9flexion.\u00a0 Un support pour continuer \u00e0 r\u00e9fl\u00e9chir et \u00e0 philosopher, sur le mensonge et sur la v\u00e9rit\u00e9&#8230;<\/p>\n<p><a title=\"Cafe\u0301Philo&quot;Sommes-nousTousDesMenteurs?&quot;\" href=\"https:\/\/maisondelaphiloromainvilledotorg.files.wordpress.com\/2015\/12\/cafecc81philosommes-noustousdesmenteurs.pdf\">Cafe\u0301Philo&#8221;Sommes-nousTousDesMenteurs?&#8221;<\/a><\/p>\n","protected":false},"excerpt":{"rendered":"<p>Ci-joint vous trouverez les \u00e9l\u00e9ments que nous avons abord\u00e9s lors du caf\u00e9-Philo hier, le 12 d\u00e9cembre 2015 : les principales questions, le point de vue de Kant sur le droit de mentir, et quelques pistes de r\u00e9flexion.\u00a0 Un support pour continuer \u00e0 r\u00e9fl\u00e9chir et \u00e0 philosopher, sur le mensonge et sur la v\u00e9rit\u00e9&#8230; Cafe\u0301Philo&#8221;Sommes-nousTousDesMenteurs?&#8221;<\/p>\n","protected":false},"author":1,"featured_media":0,"comment_status":"closed","ping_status":"open","sticky":false,"template":"","format":"standard","meta":{"iawp_total_views":8,"footnotes":""},"categories":[23,16],"tags":[],"class_list":["post-312","post","type-post","status-publish","format-standard","hentry","category-comptes-rendus-des-cafe-philo","category-philo-pour-adulte","without-featured-image"],"aioseo_notices":[],"aioseo_head":"\n\t\t<!-- All in One SEO 5.0.1.1 - aioseo.com -->\n\t<meta name=\"description\" content=\"Ci-joint vous trouverez les \u00e9l\u00e9ments que nous avons abord\u00e9s lors du caf\u00e9-Philo hier, le 12 d\u00e9cembre 2015 : les principales questions, le point de vue de Kant sur le droit de mentir, et quelques pistes de r\u00e9flexion. Un support pour continuer \u00e0 r\u00e9fl\u00e9chir et \u00e0 philosopher, sur le mensonge et sur la v\u00e9rit\u00e9... Cafe\u0301Philo&quot;Sommes-nousTousDesMenteurs?&quot;\" \/>\n\t<meta name=\"robots\" content=\"max-image-preview:large\" \/>\n\t<meta name=\"author\" content=\"maisondelaphilo\"\/>\n\t<link rel=\"canonical\" href=\"https:\/\/maisondelaphilo-romainville.org\/?p=312\" \/>\n\t<meta name=\"generator\" content=\"All in One SEO (AIOSEO) 5.0.1.1\" \/>\n\t\t<meta property=\"og:locale\" content=\"en_US\" \/>\n\t\t<meta property=\"og:site_name\" content=\"Au fil de la pens\u00e9e, dans une ville philosophe ! -\" \/>\n\t\t<meta property=\"og:type\" content=\"article\" \/>\n\t\t<meta property=\"og:title\" content=\"Compte-rendu du dernier Caf\u00e9-Philo \u201cSommes-nous tous des menteurs?\u201d - Au fil de la pens\u00e9e, dans une ville philosophe !\" \/>\n\t\t<meta property=\"og:description\" content=\"Ci-joint vous trouverez les \u00e9l\u00e9ments que nous avons abord\u00e9s lors du caf\u00e9-Philo hier, le 12 d\u00e9cembre 2015 : les principales questions, le point de vue de Kant sur le droit de mentir, et quelques pistes de r\u00e9flexion. Un support pour continuer \u00e0 r\u00e9fl\u00e9chir et \u00e0 philosopher, sur le mensonge et sur la v\u00e9rit\u00e9... Cafe\u0301Philo&quot;Sommes-nousTousDesMenteurs?&quot;\" \/>\n\t\t<meta property=\"og:url\" content=\"https:\/\/maisondelaphilo-romainville.org\/?p=312\" \/>\n\t\t<meta property=\"og:image\" content=\"https:\/\/maisondelaphilo-romainville.org\/wp-content\/uploads\/2023\/11\/cropped-cropped-Logo-Maison-de-la-Philo.png\" \/>\n\t\t<meta property=\"og:image:secure_url\" content=\"https:\/\/maisondelaphilo-romainville.org\/wp-content\/uploads\/2023\/11\/cropped-cropped-Logo-Maison-de-la-Philo.png\" \/>\n\t\t<meta property=\"og:image:width\" content=\"862\" \/>\n\t\t<meta property=\"og:image:height\" content=\"125\" \/>\n\t\t<meta property=\"article:published_time\" content=\"2015-12-13T10:41:10+00:00\" \/>\n\t\t<meta property=\"article:modified_time\" content=\"2024-10-30T15:16:02+00:00\" \/>\n\t\t<meta property=\"article:publisher\" content=\"https:\/\/www.facebook.com\/profile.php?id=61553872209837\" \/>\n\t\t<meta name=\"twitter:card\" content=\"summary_large_image\" \/>\n\t\t<meta name=\"twitter:title\" content=\"Compte-rendu du dernier Caf\u00e9-Philo \u201cSommes-nous tous des menteurs?\u201d - Au fil de la pens\u00e9e, dans une ville philosophe !\" \/>\n\t\t<meta name=\"twitter:description\" content=\"Ci-joint vous trouverez les \u00e9l\u00e9ments que nous avons abord\u00e9s lors du caf\u00e9-Philo hier, le 12 d\u00e9cembre 2015 : les principales questions, le point de vue de Kant sur le droit de mentir, et quelques pistes de r\u00e9flexion. Un support pour continuer \u00e0 r\u00e9fl\u00e9chir et \u00e0 philosopher, sur le mensonge et sur la v\u00e9rit\u00e9... Cafe\u0301Philo&quot;Sommes-nousTousDesMenteurs?&quot;\" \/>\n\t\t<meta name=\"twitter:image\" content=\"https:\/\/maisondelaphilo-romainville.org\/wp-content\/uploads\/2023\/11\/cropped-cropped-Logo-Maison-de-la-Philo.png\" \/>\n\t\t<script type=\"application\/ld+json\" class=\"aioseo-schema\">\n\t\t\t{\"@context\":\"https:\\\/\\\/schema.org\",\"@graph\":[{\"@type\":\"BlogPosting\",\"@id\":\"https:\\\/\\\/maisondelaphilo-romainville.org\\\/?p=312#blogposting\",\"name\":\"Compte-rendu du dernier Caf\\u00e9-Philo \\u201cSommes-nous tous des menteurs?\\u201d - Au fil de la pens\\u00e9e, dans une ville philosophe !\",\"headline\":\"Compte-rendu du dernier Caf\\u00e9-Philo &#8220;Sommes-nous tous des menteurs?&#8221;\",\"author\":{\"@id\":\"https:\\\/\\\/maisondelaphilo-romainville.org\\\/?author=1#author\"},\"publisher\":{\"@id\":\"https:\\\/\\\/maisondelaphilo-romainville.org\\\/#organization\"},\"image\":{\"@type\":\"ImageObject\",\"url\":\"https:\\\/\\\/maisondelaphilo-romainville.org\\\/wp-content\\\/uploads\\\/2024\\\/05\\\/Logo-Maison-de-la-Philo-square.png\",\"@id\":\"https:\\\/\\\/maisondelaphilo-romainville.org\\\/#articleImage\",\"width\":533,\"height\":267},\"datePublished\":\"2015-12-13T11:41:10+01:00\",\"dateModified\":\"2024-10-30T16:16:02+01:00\",\"inLanguage\":\"en-US\",\"mainEntityOfPage\":{\"@id\":\"https:\\\/\\\/maisondelaphilo-romainville.org\\\/?p=312#webpage\"},\"isPartOf\":{\"@id\":\"https:\\\/\\\/maisondelaphilo-romainville.org\\\/?p=312#webpage\"},\"articleSection\":\"Comptes-rendus des Caf\\u00e9-Philo, Philo pour adulte\"},{\"@type\":\"BreadcrumbList\",\"@id\":\"https:\\\/\\\/maisondelaphilo-romainville.org\\\/?p=312#breadcrumblist\",\"itemListElement\":[{\"@type\":\"ListItem\",\"@id\":\"https:\\\/\\\/maisondelaphilo-romainville.org#listItem\",\"position\":1,\"name\":\"Home\",\"item\":\"https:\\\/\\\/maisondelaphilo-romainville.org\",\"nextItem\":{\"@type\":\"ListItem\",\"@id\":\"https:\\\/\\\/maisondelaphilo-romainville.org\\\/?cat=16#listItem\",\"name\":\"Philo pour adulte\"}},{\"@type\":\"ListItem\",\"@id\":\"https:\\\/\\\/maisondelaphilo-romainville.org\\\/?cat=16#listItem\",\"position\":2,\"name\":\"Philo pour adulte\",\"item\":\"https:\\\/\\\/maisondelaphilo-romainville.org\\\/?cat=16\",\"nextItem\":{\"@type\":\"ListItem\",\"@id\":\"https:\\\/\\\/maisondelaphilo-romainville.org\\\/?cat=22#listItem\",\"name\":\"Caf\\u00e9-philo\"},\"previousItem\":{\"@type\":\"ListItem\",\"@id\":\"https:\\\/\\\/maisondelaphilo-romainville.org#listItem\",\"name\":\"Home\"}},{\"@type\":\"ListItem\",\"@id\":\"https:\\\/\\\/maisondelaphilo-romainville.org\\\/?cat=22#listItem\",\"position\":3,\"name\":\"Caf\\u00e9-philo\",\"item\":\"https:\\\/\\\/maisondelaphilo-romainville.org\\\/?cat=22\",\"nextItem\":{\"@type\":\"ListItem\",\"@id\":\"https:\\\/\\\/maisondelaphilo-romainville.org\\\/?cat=23#listItem\",\"name\":\"Comptes-rendus des Caf\\u00e9-Philo\"},\"previousItem\":{\"@type\":\"ListItem\",\"@id\":\"https:\\\/\\\/maisondelaphilo-romainville.org\\\/?cat=16#listItem\",\"name\":\"Philo pour adulte\"}},{\"@type\":\"ListItem\",\"@id\":\"https:\\\/\\\/maisondelaphilo-romainville.org\\\/?cat=23#listItem\",\"position\":4,\"name\":\"Comptes-rendus des Caf\\u00e9-Philo\",\"item\":\"https:\\\/\\\/maisondelaphilo-romainville.org\\\/?cat=23\",\"nextItem\":{\"@type\":\"ListItem\",\"@id\":\"https:\\\/\\\/maisondelaphilo-romainville.org\\\/?p=312#listItem\",\"name\":\"Compte-rendu du dernier Caf\\u00e9-Philo &#8220;Sommes-nous tous des menteurs?&#8221;\"},\"previousItem\":{\"@type\":\"ListItem\",\"@id\":\"https:\\\/\\\/maisondelaphilo-romainville.org\\\/?cat=22#listItem\",\"name\":\"Caf\\u00e9-philo\"}},{\"@type\":\"ListItem\",\"@id\":\"https:\\\/\\\/maisondelaphilo-romainville.org\\\/?p=312#listItem\",\"position\":5,\"name\":\"Compte-rendu du dernier Caf\\u00e9-Philo &#8220;Sommes-nous tous des menteurs?&#8221;\",\"previousItem\":{\"@type\":\"ListItem\",\"@id\":\"https:\\\/\\\/maisondelaphilo-romainville.org\\\/?cat=23#listItem\",\"name\":\"Comptes-rendus des Caf\\u00e9-Philo\"}}]},{\"@type\":\"Organization\",\"@id\":\"https:\\\/\\\/maisondelaphilo-romainville.org\\\/#organization\",\"name\":\"La Maison de la Philo\",\"url\":\"https:\\\/\\\/maisondelaphilo-romainville.org\\\/\",\"logo\":{\"@type\":\"ImageObject\",\"url\":\"https:\\\/\\\/maisondelaphilo-romainville.org\\\/wp-content\\\/uploads\\\/2024\\\/05\\\/Logo-Maison-de-la-Philo-square.png\",\"@id\":\"https:\\\/\\\/maisondelaphilo-romainville.org\\\/?p=312\\\/#organizationLogo\",\"width\":533,\"height\":267},\"image\":{\"@id\":\"https:\\\/\\\/maisondelaphilo-romainville.org\\\/?p=312\\\/#organizationLogo\"},\"sameAs\":[\"https:\\\/\\\/www.facebook.com\\\/profile.php?id=61553872209837\",\"https:\\\/\\\/www.instagram.com\\\/maisondelaphilo93230\\\/\"]},{\"@type\":\"Person\",\"@id\":\"https:\\\/\\\/maisondelaphilo-romainville.org\\\/?author=1#author\",\"url\":\"https:\\\/\\\/maisondelaphilo-romainville.org\\\/?author=1\",\"name\":\"maisondelaphilo\",\"image\":{\"@type\":\"ImageObject\",\"@id\":\"https:\\\/\\\/maisondelaphilo-romainville.org\\\/?p=312#authorImage\",\"url\":\"https:\\\/\\\/secure.gravatar.com\\\/avatar\\\/bc879b2bd103c3b4441a802726afa490a65771b6d5e0f23268ce1207153fee5d?s=96&d=mm&r=g\",\"width\":96,\"height\":96,\"caption\":\"maisondelaphilo\"}},{\"@type\":\"WebPage\",\"@id\":\"https:\\\/\\\/maisondelaphilo-romainville.org\\\/?p=312#webpage\",\"url\":\"https:\\\/\\\/maisondelaphilo-romainville.org\\\/?p=312\",\"name\":\"Compte-rendu du dernier Caf\\u00e9-Philo \\u201cSommes-nous tous des menteurs?\\u201d - Au fil de la pens\\u00e9e, dans une ville philosophe !\",\"description\":\"Ci-joint vous trouverez les \\u00e9l\\u00e9ments que nous avons abord\\u00e9s lors du caf\\u00e9-Philo hier, le 12 d\\u00e9cembre 2015 : les principales questions, le point de vue de Kant sur le droit de mentir, et quelques pistes de r\\u00e9flexion. Un support pour continuer \\u00e0 r\\u00e9fl\\u00e9chir et \\u00e0 philosopher, sur le mensonge et sur la v\\u00e9rit\\u00e9... Cafe\\u0301Philo\\\"Sommes-nousTousDesMenteurs?\\\"\",\"inLanguage\":\"en-US\",\"isPartOf\":{\"@id\":\"https:\\\/\\\/maisondelaphilo-romainville.org\\\/#website\"},\"breadcrumb\":{\"@id\":\"https:\\\/\\\/maisondelaphilo-romainville.org\\\/?p=312#breadcrumblist\"},\"author\":{\"@id\":\"https:\\\/\\\/maisondelaphilo-romainville.org\\\/?author=1#author\"},\"creator\":{\"@id\":\"https:\\\/\\\/maisondelaphilo-romainville.org\\\/?author=1#author\"},\"datePublished\":\"2015-12-13T11:41:10+01:00\",\"dateModified\":\"2024-10-30T16:16:02+01:00\"},{\"@type\":\"WebSite\",\"@id\":\"https:\\\/\\\/maisondelaphilo-romainville.org\\\/#website\",\"url\":\"https:\\\/\\\/maisondelaphilo-romainville.org\\\/\",\"name\":\"Au fil de la pens\\u00e9e, dans une ville philosophe !\",\"inLanguage\":\"en-US\",\"publisher\":{\"@id\":\"https:\\\/\\\/maisondelaphilo-romainville.org\\\/#organization\"}}]}\n\t\t<\/script>\n\t\t<!-- All in One SEO -->\n\n","aioseo_head_json":{"title":"Compte-rendu du dernier Caf\u00e9-Philo \u201cSommes-nous tous des menteurs?\u201d - Au fil de la pens\u00e9e, dans une ville philosophe !","description":"Ci-joint vous trouverez les \u00e9l\u00e9ments que nous avons abord\u00e9s lors du caf\u00e9-Philo hier, le 12 d\u00e9cembre 2015 : les principales questions, le point de vue de Kant sur le droit de mentir, et quelques pistes de r\u00e9flexion. Un support pour continuer \u00e0 r\u00e9fl\u00e9chir et \u00e0 philosopher, sur le mensonge et sur la v\u00e9rit\u00e9... Cafe\u0301Philo\"Sommes-nousTousDesMenteurs?\"","canonical_url":"https:\/\/maisondelaphilo-romainville.org\/?p=312","robots":"max-image-preview:large","keywords":"","webmasterTools":{"miscellaneous":""},"schema":{"@context":"https:\/\/schema.org","@graph":[{"@type":"BlogPosting","@id":"https:\/\/maisondelaphilo-romainville.org\/?p=312#blogposting","name":"Compte-rendu du dernier Caf\u00e9-Philo \u201cSommes-nous tous des menteurs?\u201d - Au fil de la pens\u00e9e, dans une ville philosophe !","headline":"Compte-rendu du dernier Caf\u00e9-Philo &#8220;Sommes-nous tous des menteurs?&#8221;","author":{"@id":"https:\/\/maisondelaphilo-romainville.org\/?author=1#author"},"publisher":{"@id":"https:\/\/maisondelaphilo-romainville.org\/#organization"},"image":{"@type":"ImageObject","url":"https:\/\/maisondelaphilo-romainville.org\/wp-content\/uploads\/2024\/05\/Logo-Maison-de-la-Philo-square.png","@id":"https:\/\/maisondelaphilo-romainville.org\/#articleImage","width":533,"height":267},"datePublished":"2015-12-13T11:41:10+01:00","dateModified":"2024-10-30T16:16:02+01:00","inLanguage":"en-US","mainEntityOfPage":{"@id":"https:\/\/maisondelaphilo-romainville.org\/?p=312#webpage"},"isPartOf":{"@id":"https:\/\/maisondelaphilo-romainville.org\/?p=312#webpage"},"articleSection":"Comptes-rendus des Caf\u00e9-Philo, Philo pour adulte"},{"@type":"BreadcrumbList","@id":"https:\/\/maisondelaphilo-romainville.org\/?p=312#breadcrumblist","itemListElement":[{"@type":"ListItem","@id":"https:\/\/maisondelaphilo-romainville.org#listItem","position":1,"name":"Home","item":"https:\/\/maisondelaphilo-romainville.org","nextItem":{"@type":"ListItem","@id":"https:\/\/maisondelaphilo-romainville.org\/?cat=16#listItem","name":"Philo pour adulte"}},{"@type":"ListItem","@id":"https:\/\/maisondelaphilo-romainville.org\/?cat=16#listItem","position":2,"name":"Philo pour adulte","item":"https:\/\/maisondelaphilo-romainville.org\/?cat=16","nextItem":{"@type":"ListItem","@id":"https:\/\/maisondelaphilo-romainville.org\/?cat=22#listItem","name":"Caf\u00e9-philo"},"previousItem":{"@type":"ListItem","@id":"https:\/\/maisondelaphilo-romainville.org#listItem","name":"Home"}},{"@type":"ListItem","@id":"https:\/\/maisondelaphilo-romainville.org\/?cat=22#listItem","position":3,"name":"Caf\u00e9-philo","item":"https:\/\/maisondelaphilo-romainville.org\/?cat=22","nextItem":{"@type":"ListItem","@id":"https:\/\/maisondelaphilo-romainville.org\/?cat=23#listItem","name":"Comptes-rendus des Caf\u00e9-Philo"},"previousItem":{"@type":"ListItem","@id":"https:\/\/maisondelaphilo-romainville.org\/?cat=16#listItem","name":"Philo pour adulte"}},{"@type":"ListItem","@id":"https:\/\/maisondelaphilo-romainville.org\/?cat=23#listItem","position":4,"name":"Comptes-rendus des Caf\u00e9-Philo","item":"https:\/\/maisondelaphilo-romainville.org\/?cat=23","nextItem":{"@type":"ListItem","@id":"https:\/\/maisondelaphilo-romainville.org\/?p=312#listItem","name":"Compte-rendu du dernier Caf\u00e9-Philo &#8220;Sommes-nous tous des menteurs?&#8221;"},"previousItem":{"@type":"ListItem","@id":"https:\/\/maisondelaphilo-romainville.org\/?cat=22#listItem","name":"Caf\u00e9-philo"}},{"@type":"ListItem","@id":"https:\/\/maisondelaphilo-romainville.org\/?p=312#listItem","position":5,"name":"Compte-rendu du dernier Caf\u00e9-Philo &#8220;Sommes-nous tous des menteurs?&#8221;","previousItem":{"@type":"ListItem","@id":"https:\/\/maisondelaphilo-romainville.org\/?cat=23#listItem","name":"Comptes-rendus des Caf\u00e9-Philo"}}]},{"@type":"Organization","@id":"https:\/\/maisondelaphilo-romainville.org\/#organization","name":"La Maison de la Philo","url":"https:\/\/maisondelaphilo-romainville.org\/","logo":{"@type":"ImageObject","url":"https:\/\/maisondelaphilo-romainville.org\/wp-content\/uploads\/2024\/05\/Logo-Maison-de-la-Philo-square.png","@id":"https:\/\/maisondelaphilo-romainville.org\/?p=312\/#organizationLogo","width":533,"height":267},"image":{"@id":"https:\/\/maisondelaphilo-romainville.org\/?p=312\/#organizationLogo"},"sameAs":["https:\/\/www.facebook.com\/profile.php?id=61553872209837","https:\/\/www.instagram.com\/maisondelaphilo93230\/"]},{"@type":"Person","@id":"https:\/\/maisondelaphilo-romainville.org\/?author=1#author","url":"https:\/\/maisondelaphilo-romainville.org\/?author=1","name":"maisondelaphilo","image":{"@type":"ImageObject","@id":"https:\/\/maisondelaphilo-romainville.org\/?p=312#authorImage","url":"https:\/\/secure.gravatar.com\/avatar\/bc879b2bd103c3b4441a802726afa490a65771b6d5e0f23268ce1207153fee5d?s=96&d=mm&r=g","width":96,"height":96,"caption":"maisondelaphilo"}},{"@type":"WebPage","@id":"https:\/\/maisondelaphilo-romainville.org\/?p=312#webpage","url":"https:\/\/maisondelaphilo-romainville.org\/?p=312","name":"Compte-rendu du dernier Caf\u00e9-Philo \u201cSommes-nous tous des menteurs?\u201d - Au fil de la pens\u00e9e, dans une ville philosophe !","description":"Ci-joint vous trouverez les \u00e9l\u00e9ments que nous avons abord\u00e9s lors du caf\u00e9-Philo hier, le 12 d\u00e9cembre 2015 : les principales questions, le point de vue de Kant sur le droit de mentir, et quelques pistes de r\u00e9flexion. Un support pour continuer \u00e0 r\u00e9fl\u00e9chir et \u00e0 philosopher, sur le mensonge et sur la v\u00e9rit\u00e9... Cafe\u0301Philo\"Sommes-nousTousDesMenteurs?\"","inLanguage":"en-US","isPartOf":{"@id":"https:\/\/maisondelaphilo-romainville.org\/#website"},"breadcrumb":{"@id":"https:\/\/maisondelaphilo-romainville.org\/?p=312#breadcrumblist"},"author":{"@id":"https:\/\/maisondelaphilo-romainville.org\/?author=1#author"},"creator":{"@id":"https:\/\/maisondelaphilo-romainville.org\/?author=1#author"},"datePublished":"2015-12-13T11:41:10+01:00","dateModified":"2024-10-30T16:16:02+01:00"},{"@type":"WebSite","@id":"https:\/\/maisondelaphilo-romainville.org\/#website","url":"https:\/\/maisondelaphilo-romainville.org\/","name":"Au fil de la pens\u00e9e, dans une ville philosophe !","inLanguage":"en-US","publisher":{"@id":"https:\/\/maisondelaphilo-romainville.org\/#organization"}}]},"og:locale":"en_US","og:site_name":"Au fil de la pens\u00e9e, dans une ville philosophe ! -","og:type":"article","og:title":"Compte-rendu du dernier Caf\u00e9-Philo \u201cSommes-nous tous des menteurs?\u201d - Au fil de la pens\u00e9e, dans une ville philosophe !","og:description":"Ci-joint vous trouverez les \u00e9l\u00e9ments que nous avons abord\u00e9s lors du caf\u00e9-Philo hier, le 12 d\u00e9cembre 2015 : les principales questions, le point de vue de Kant sur le droit de mentir, et quelques pistes de r\u00e9flexion. Un support pour continuer \u00e0 r\u00e9fl\u00e9chir et \u00e0 philosopher, sur le mensonge et sur la v\u00e9rit\u00e9... Cafe\u0301Philo&quot;Sommes-nousTousDesMenteurs?&quot;","og:url":"https:\/\/maisondelaphilo-romainville.org\/?p=312","og:image":"https:\/\/maisondelaphilo-romainville.org\/wp-content\/uploads\/2023\/11\/cropped-cropped-Logo-Maison-de-la-Philo.png","og:image:secure_url":"https:\/\/maisondelaphilo-romainville.org\/wp-content\/uploads\/2023\/11\/cropped-cropped-Logo-Maison-de-la-Philo.png","og:image:width":862,"og:image:height":125,"article:published_time":"2015-12-13T10:41:10+00:00","article:modified_time":"2024-10-30T15:16:02+00:00","article:publisher":"https:\/\/www.facebook.com\/profile.php?id=61553872209837","twitter:card":"summary_large_image","twitter:title":"Compte-rendu du dernier Caf\u00e9-Philo \u201cSommes-nous tous des menteurs?\u201d - Au fil de la pens\u00e9e, dans une ville philosophe !","twitter:description":"Ci-joint vous trouverez les \u00e9l\u00e9ments que nous avons abord\u00e9s lors du caf\u00e9-Philo hier, le 12 d\u00e9cembre 2015 : les principales questions, le point de vue de Kant sur le droit de mentir, et quelques pistes de r\u00e9flexion. Un support pour continuer \u00e0 r\u00e9fl\u00e9chir et \u00e0 philosopher, sur le mensonge et sur la v\u00e9rit\u00e9... Cafe\u0301Philo&quot;Sommes-nousTousDesMenteurs?&quot;","twitter:image":"https:\/\/maisondelaphilo-romainville.org\/wp-content\/uploads\/2023\/11\/cropped-cropped-Logo-Maison-de-la-Philo.png"},"aioseo_meta_data":{"post_id":"312","title":null,"description":null,"keywords":null,"keyphrases":null,"primary_term":null,"canonical_url":null,"og_title":null,"og_description":null,"og_object_type":"default","og_image_type":"default","og_image_url":null,"og_image_width":null,"og_image_height":null,"og_image_custom_url":null,"og_image_custom_fields":null,"og_video":null,"og_custom_url":null,"og_article_section":null,"og_article_tags":null,"twitter_use_og":false,"twitter_card":"default","twitter_image_type":"default","twitter_image_url":null,"twitter_image_custom_url":null,"twitter_image_custom_fields":null,"twitter_title":null,"twitter_description":null,"schema":{"blockGraphs":[],"customGraphs":[],"default":{"data":{"Article":[],"Course":[],"Dataset":[],"FAQPage":[],"Movie":[],"Person":[],"Product":[],"ProductReview":[],"Car":[],"Recipe":[],"Service":[],"SoftwareApplication":[],"WebPage":[]},"graphName":"","isEnabled":true},"graphs":[]},"schema_type":"default","schema_type_options":null,"pillar_content":false,"robots_default":true,"robots_noindex":false,"robots_noarchive":false,"robots_nosnippet":false,"robots_nofollow":false,"robots_noimageindex":false,"robots_noodp":false,"robots_notranslate":false,"robots_max_snippet":null,"robots_max_videopreview":null,"robots_max_imagepreview":"large","priority":null,"frequency":null,"local_seo":null,"breadcrumb_settings":null,"limit_modified_date":false,"ai":null,"created":"2023-11-02 16:09:47","updated":"2025-06-04 14:25:38","seo_analyzer_scan_date":null,"focus_keyword":null,"additional_keywords":null,"truseo_locale":null},"aioseo_breadcrumb":"<div class=\"aioseo-breadcrumbs\"><span class=\"aioseo-breadcrumb\">\n\t\t\t<a href=\"https:\/\/maisondelaphilo-romainville.org\" title=\"Home\">Home<\/a>\n\t\t<\/span><span class=\"aioseo-breadcrumb-separator\">&raquo;<\/span><span class=\"aioseo-breadcrumb\">\n\t\t\t<a href=\"https:\/\/maisondelaphilo-romainville.org\/?cat=16\" title=\"Philo pour adulte\">Philo pour adulte<\/a>\n\t\t<\/span><span class=\"aioseo-breadcrumb-separator\">&raquo;<\/span><span class=\"aioseo-breadcrumb\">\n\t\t\t<a href=\"https:\/\/maisondelaphilo-romainville.org\/?cat=22\" title=\"Caf\u00e9-philo\">Caf\u00e9-philo<\/a>\n\t\t<\/span><span class=\"aioseo-breadcrumb-separator\">&raquo;<\/span><span class=\"aioseo-breadcrumb\">\n\t\t\t<a href=\"https:\/\/maisondelaphilo-romainville.org\/?cat=23\" title=\"Comptes-rendus des Caf\u00e9-Philo\">Comptes-rendus des Caf\u00e9-Philo<\/a>\n\t\t<\/span><span class=\"aioseo-breadcrumb-separator\">&raquo;<\/span><span class=\"aioseo-breadcrumb\">\n\t\t\tCompte-rendu du dernier Caf\u00e9-Philo \u201cSommes-nous tous des menteurs?\u201d\n\t\t<\/span><\/div>","aioseo_breadcrumb_json":[{"label":"Home","link":"https:\/\/maisondelaphilo-romainville.org"},{"label":"Philo pour adulte","link":"https:\/\/maisondelaphilo-romainville.org\/?cat=16"},{"label":"Caf\u00e9-philo","link":"https:\/\/maisondelaphilo-romainville.org\/?cat=22"},{"label":"Comptes-rendus des Caf\u00e9-Philo","link":"https:\/\/maisondelaphilo-romainville.org\/?cat=23"},{"label":"Compte-rendu du dernier Caf\u00e9-Philo &#8220;Sommes-nous tous des menteurs?&#8221;","link":"https:\/\/maisondelaphilo-romainville.org\/?p=312"}],"jetpack_featured_media_url":"","_links":{"self":[{"href":"https:\/\/maisondelaphilo-romainville.org\/index.php?rest_route=\/wp\/v2\/posts\/312","targetHints":{"allow":["GET"]}}],"collection":[{"href":"https:\/\/maisondelaphilo-romainville.org\/index.php?rest_route=\/wp\/v2\/posts"}],"about":[{"href":"https:\/\/maisondelaphilo-romainville.org\/index.php?rest_route=\/wp\/v2\/types\/post"}],"author":[{"embeddable":true,"href":"https:\/\/maisondelaphilo-romainville.org\/index.php?rest_route=\/wp\/v2\/users\/1"}],"replies":[{"embeddable":true,"href":"https:\/\/maisondelaphilo-romainville.org\/index.php?rest_route=%2Fwp%2Fv2%2Fcomments&post=312"}],"version-history":[{"count":1,"href":"https:\/\/maisondelaphilo-romainville.org\/index.php?rest_route=\/wp\/v2\/posts\/312\/revisions"}],"predecessor-version":[{"id":5886,"href":"https:\/\/maisondelaphilo-romainville.org\/index.php?rest_route=\/wp\/v2\/posts\/312\/revisions\/5886"}],"wp:attachment":[{"href":"https:\/\/maisondelaphilo-romainville.org\/index.php?rest_route=%2Fwp%2Fv2%2Fmedia&parent=312"}],"wp:term":[{"taxonomy":"category","embeddable":true,"href":"https:\/\/maisondelaphilo-romainville.org\/index.php?rest_route=%2Fwp%2Fv2%2Fcategories&post=312"},{"taxonomy":"post_tag","embeddable":true,"href":"https:\/\/maisondelaphilo-romainville.org\/index.php?rest_route=%2Fwp%2Fv2%2Ftags&post=312"}],"curies":[{"name":"wp","href":"https:\/\/api.w.org\/{rel}","templated":true}]}}