{"id":3227,"date":"2022-06-14T11:44:01","date_gmt":"2022-06-14T10:44:01","guid":{"rendered":"https:\/\/maisondelaphilo-romainville.org\/?p=3227"},"modified":"2024-10-30T16:13:30","modified_gmt":"2024-10-30T15:13:30","slug":"bibliographie-pour-le-mois-des-fiertes","status":"publish","type":"post","link":"https:\/\/maisondelaphilo-romainville.org\/?p=3227","title":{"rendered":"Bibliographie pour le mois des Fiert\u00e9s !"},"content":{"rendered":"<div class=\"wp-block-image\">\n<figure class=\"aligncenter size-large is-resized\"><img loading=\"lazy\" decoding=\"async\" src=\"https:\/\/maisondelaphiloromainvilledotorg.files.wordpress.com\/2022\/06\/image-9.png?w=500\" alt=\"\" class=\"wp-image-3275\" width=\"369\" height=\"246\" \/><\/figure><\/div>\n\n\n<p class=\"has-text-align-justify has-vivid-cyan-blue-color has-text-color has-medium-font-size\">\u00c0 l\u2019occasion du<strong> mois des Fiert\u00e9s<\/strong> la Maison de la Philo vous propose une (petite) bibliographie, pour tous les \u00e2ges, sur <strong>le droit et la libert\u00e9 d&#8217;aimer<\/strong> !  <\/p>\n\n\n\n<p class=\"has-text-align-justify has-vivid-cyan-blue-color has-text-color has-medium-font-size\">Tous les ouvrages sont <strong>empruntables \u00e0 la Maison de la Philo<\/strong>, \u00e0 l&#8217;exception de l&#8217;un d&#8217;entre eux  disponible \u00e0 la M\u00e9diath\u00e8que Romain Rolland (pr\u00e9cis\u00e9 dans la liste).  <\/p>\n\n\n\n<p class=\"has-text-align-justify has-vivid-cyan-blue-color has-text-color has-medium-font-size\">Bonne lecture !<\/p>\n\n\n\n<p><\/p>\n\n\n\n<p class=\"has-text-align-center\">POUR LES ENFANTS ET LES ADOLESCENT.E.S<\/p>\n\n\n<div class=\"wp-block-image\">\n<figure class=\"alignleft size-large is-resized\"><img loading=\"lazy\" decoding=\"async\" src=\"https:\/\/maisondelaphiloromainvilledotorg.files.wordpress.com\/2022\/06\/image.png?w=109\" alt=\"\" class=\"wp-image-3229\" width=\"111\" height=\"101\" \/><\/figure><\/div>\n\n\n<p><strong>Christian Voltz, <em>Heu-reux<\/em>, Rouergue, 2016 <\/strong>&#8211; \u00c0 partir de <strong>5 ans<\/strong> (empruntable \u00e0 la <strong>M\u00e9diath\u00e8que Romain Rolland<\/strong>)<\/p>\n\n\n\n<p style=\"line-height:1;\"><sup>Un album sensible et dr\u00f4le qui permettra d\u2019engager avec les enfants un dialogue sur la libert\u00e9 d\u2019aimer, l\u2019homosexualit\u00e9 et l\u2019homophobie. <\/sup><\/p>\n\n\n\n<p><\/p>\n\n\n\n<p><\/p>\n\n\n<div class=\"wp-block-image\">\n<figure class=\"alignleft size-large is-resized\"><img loading=\"lazy\" decoding=\"async\" src=\"https:\/\/maisondelaphiloromainvilledotorg.files.wordpress.com\/2022\/06\/image-1.png?w=108\" alt=\"\" class=\"wp-image-3231\" width=\"117\" height=\"163\" \/><\/figure><\/div>\n\n\n<p><strong><em>Phil\u00e9as &amp; Autobule <\/em>n\u00b067 (12\/2019- 01\/2020),   \u201cL\u2019amour, qu\u2019est-ce que \u00e7a fait ?\u201d<\/strong>&#8211; \u00c0 partir de <strong>8 ans <\/strong><\/p>\n\n\n\n<p class=\"has-text-align-justify\" style=\"line-height:1.2;\"><sup>Est-ce la m\u00eame chose d\u2019aimer son ami.e ou son amoureux.se ? Comment savoir que l\u2019on est amoureux.se ?&nbsp;Choisit-on la personne que l\u2019on aime ? Se sentir fille ou se sentir gar\u00e7on change-t-il la fa\u00e7on d\u2019aimer ? Pourquoi la soci\u00e9t\u00e9 craint-elle les amours moins conventionnels ? C\u2019est \u00e0 ces questions &#8211; et bien d\u2019autres encore ! &#8211; que ce num\u00e9ro de la revue belge de philosophie pour enfants (8-13 ans) invite \u00e0 r\u00e9fl\u00e9chir. <\/sup><\/p>\n\n\n\n<p><\/p>\n\n\n\n<p style=\"line-height:1.2;\"><\/p>\n\n\n<div class=\"wp-block-image\">\n<figure class=\"alignleft size-large is-resized\"><img loading=\"lazy\" decoding=\"async\" src=\"https:\/\/maisondelaphiloromainvilledotorg.files.wordpress.com\/2022\/06\/image-2.png?w=91\" alt=\"\" class=\"wp-image-3233\" width=\"120\" height=\"190\" \/><\/figure><\/div>\n\n\n<p><strong>Anissa Castel, <em>Aimer un peu, beaucoup\u2026\u00e0 la folie ?<\/em>, Chouette Penser !, Giboul\u00e9es                                                   Gallimard Jeunesse, 2013 <\/strong>&#8211; \u00c0 partir de <strong>13 ans&nbsp;<\/strong><\/p>\n\n\n\n<p class=\"has-text-align-justify\" style=\"line-height:1.2;\"><sup>Qu\u2019arrive-t-il vraiment quand on tombe amoureux ? Qu\u2019est-ce qu\u2019aimer avec un grand A ? Qu\u2019aime-t-on quand on aime ?&#8230; Une r\u00e9flexion sur l\u2019amour \u00e0 port\u00e9e des adolescents, d\u00e8s 13 ans.&nbsp; <\/sup><\/p>\n\n\n\n<p><\/p>\n\n\n\n<p><\/p>\n\n\n\n<p><\/p>\n\n\n\n<p><\/p>\n\n\n\n<p><\/p>\n\n\n\n<p><\/p>\n\n\n\n<p class=\"has-text-align-center has-medium-font-size\">POUR LES PLUS GRANDS<\/p>\n\n\n\n<p><\/p>\n\n\n<div class=\"wp-block-image\">\n<figure class=\"alignleft size-large is-resized\"><img loading=\"lazy\" decoding=\"async\" src=\"https:\/\/maisondelaphiloromainvilledotorg.files.wordpress.com\/2022\/06\/image-3.png?w=77\" alt=\"\" class=\"wp-image-3235\" width=\"84\" height=\"135\" \/><\/figure><\/div>\n\n\n<p><strong>Platon, <em>Le Banquet, <\/em>Folio Essais, Gallimard<\/strong><\/p>\n\n\n\n<p class=\"has-text-align-justify\" style=\"line-height:1.2;\"><sup>Qu\u2019est-ce que l\u2019amour ? Question centrale de ce texte majeur de l\u2019histoire de la philosophie occidentale, dont deux adaptations illustr\u00e9es, en plus du texte original, sont disponibles \u00e0 la Maison de la Philo :&nbsp;<\/sup><\/p>\n\n\n\n<p><\/p>\n\n\n<div class=\"wp-block-image\">\n<figure class=\"alignright size-large is-resized\"><img loading=\"lazy\" decoding=\"async\" src=\"https:\/\/maisondelaphiloromainvilledotorg.files.wordpress.com\/2022\/06\/image-4.png?w=61\" alt=\"\" class=\"wp-image-3237\" width=\"65\" height=\"88\" \/><\/figure><\/div>\n\n\n<ul class=\"wp-block-list\"><li><strong>Coco et Rapha\u00ebl Enthoven<em>, Le banquet : d\u2019apr\u00e8s l\u2019oeuvre de Platon, <\/em>\u00c9d. Les \u00e9chapp\u00e9es, 2019<\/strong><\/li><\/ul>\n\n\n<div class=\"wp-block-image\">\n<figure class=\"alignright size-large is-resized\"><img loading=\"lazy\" decoding=\"async\" src=\"https:\/\/maisondelaphiloromainvilledotorg.files.wordpress.com\/2022\/06\/image-7.png?w=63\" alt=\"\" class=\"wp-image-3241\" width=\"81\" height=\"81\" \/><\/figure><\/div>\n\n\n<ul class=\"wp-block-list\"><li><strong>Joann Sfar, <em>Platon, le Banquet<\/em>, Coll. La petite biblioth\u00e8que philosophique de Joann Sfar, Les \u00c9ditions Br\u00e9al, 2002<\/strong> <\/li><\/ul>\n\n\n\n<p><\/p>\n\n\n\n<p><\/p>\n\n\n<div class=\"wp-block-image\">\n<figure class=\"alignleft size-large is-resized\"><img loading=\"lazy\" decoding=\"async\" src=\"https:\/\/maisondelaphiloromainvilledotorg.files.wordpress.com\/2022\/06\/image-8.png?w=86\" alt=\"\" class=\"wp-image-3242\" width=\"104\" height=\"156\" \/><\/figure><\/div>\n\n\n<p><\/p>\n\n\n\n<p><strong>Judith Butler, <em>Trouble dans le genre : le f\u00e9minisme et la subversion de l\u2019identit\u00e9, <\/em>La D\u00e9couverte, 2006<\/strong><\/p>\n\n\n\n<p class=\"has-text-align-justify\" style=\"line-height:1.2;\"><sup>Dans cet ouvrage majeur publi\u00e9 en 1990 aux \u00c9tats-Unis, la philosophe Judith Butler invite \u00e0 penser le trouble qui perturbe le genre. D\u00e9sormais classique, ce livre est au principe de la th\u00e9orie et de la politique <em>queer.&nbsp;<\/em> <\/sup><\/p>\n\n\n\n<p><\/p>\n\n\n\n<p class=\"has-text-align-center has-medium-font-size\"><\/p>\n","protected":false},"excerpt":{"rendered":"<p>\u00c0 l\u2019occasion du mois des Fiert\u00e9s la Maison de la Philo vous propose une (petite) bibliographie, pour tous les \u00e2ges, sur le droit et la libert\u00e9 d&#8217;aimer ! Tous les ouvrages sont empruntables \u00e0 la Maison de la Philo, \u00e0 l&#8217;exception de l&#8217;un d&#8217;entre eux disponible \u00e0 la M\u00e9diath\u00e8que Romain Rolland (pr\u00e9cis\u00e9 dans la liste).&hellip; <a href=\"https:\/\/maisondelaphilo-romainville.org\/?p=3227\" class=\"more-link\">Continue reading <span class=\"screen-reader-text\">Bibliographie pour le mois des Fiert\u00e9s !<\/span><\/a><\/p>\n","protected":false},"author":1,"featured_media":0,"comment_status":"closed","ping_status":"open","sticky":false,"template":"","format":"standard","meta":{"iawp_total_views":4,"footnotes":""},"categories":[12],"tags":[],"class_list":["post-3227","post","type-post","status-publish","format-standard","hentry","category-non-classe","without-featured-image"],"aioseo_notices":[],"jetpack_featured_media_url":"","_links":{"self":[{"href":"https:\/\/maisondelaphilo-romainville.org\/index.php?rest_route=\/wp\/v2\/posts\/3227","targetHints":{"allow":["GET"]}}],"collection":[{"href":"https:\/\/maisondelaphilo-romainville.org\/index.php?rest_route=\/wp\/v2\/posts"}],"about":[{"href":"https:\/\/maisondelaphilo-romainville.org\/index.php?rest_route=\/wp\/v2\/types\/post"}],"author":[{"embeddable":true,"href":"https:\/\/maisondelaphilo-romainville.org\/index.php?rest_route=\/wp\/v2\/users\/1"}],"replies":[{"embeddable":true,"href":"https:\/\/maisondelaphilo-romainville.org\/index.php?rest_route=%2Fwp%2Fv2%2Fcomments&post=3227"}],"version-history":[{"count":1,"href":"https:\/\/maisondelaphilo-romainville.org\/index.php?rest_route=\/wp\/v2\/posts\/3227\/revisions"}],"predecessor-version":[{"id":4794,"href":"https:\/\/maisondelaphilo-romainville.org\/index.php?rest_route=\/wp\/v2\/posts\/3227\/revisions\/4794"}],"wp:attachment":[{"href":"https:\/\/maisondelaphilo-romainville.org\/index.php?rest_route=%2Fwp%2Fv2%2Fmedia&parent=3227"}],"wp:term":[{"taxonomy":"category","embeddable":true,"href":"https:\/\/maisondelaphilo-romainville.org\/index.php?rest_route=%2Fwp%2Fv2%2Fcategories&post=3227"},{"taxonomy":"post_tag","embeddable":true,"href":"https:\/\/maisondelaphilo-romainville.org\/index.php?rest_route=%2Fwp%2Fv2%2Ftags&post=3227"}],"curies":[{"name":"wp","href":"https:\/\/api.w.org\/{rel}","templated":true}]}}