{"id":3290,"date":"2022-06-15T14:18:44","date_gmt":"2022-06-15T13:18:44","guid":{"rendered":"https:\/\/maisondelaphilo-romainville.org\/?p=3290"},"modified":"2024-10-30T16:13:30","modified_gmt":"2024-10-30T15:13:30","slug":"le-bilan-des-ptits-philosophes-du-mercredi","status":"publish","type":"post","link":"https:\/\/maisondelaphilo-romainville.org\/?p=3290","title":{"rendered":"Le bilan des P&#8217;tits philosophes du mercredi !"},"content":{"rendered":"\n<p>Tous les mercredis (de 14H \u00e0 15H30), on a fait des ateliers de philosophie \u00e0 la Maison de la Philo. Et voil\u00e0 notre bilan : <\/p>\n\n\n\n<ul class=\"wp-block-list\">\n<li>&#8211; Gabriel : &#8220;En philo, on se pose beaucoup de questions. Ce qui m&#8217;a plu \u00e0 l&#8217;atelier philo, c&#8217;est qu&#8217;on avait des r\u00f4les \u00e0 jouer : pr\u00e9sident de s\u00e9ance, reformulateur, synth\u00e9tiseur, journaliste, discutant !&#8221;<\/li>\n\n\n\n<li>&#8211; Valentine : &#8220;J&#8217;aimais bien faire des hypoth\u00e8ses&#8221;<\/li>\n\n\n\n<li>&#8211; Achille : &#8220;J&#8217;ai beaucoup aim\u00e9 pouvoir se poser des questions sur le monde et j&#8217;ai aim\u00e9 pouvoir discuter dans le calme. J&#8217;ai trouv\u00e9 que c&#8217;\u00e9tait tr\u00e8s convivial et je conseille \u00e0 tout le monde de revenir ! C&#8217;\u00e9tait super parce qu&#8217;on se posait beaucoup beaucoup beaucoup de questions et tout le monde pouvait parler&#8221;<\/li>\n\n\n\n<li>&#8211; Apoline : &#8220;L&#8217;atelier philo c&#8217;est bien : il y a beaucoup de questions qu&#8217;on n&#8217;imagine pas et on peut ajouter chacun notre grain de sel, sans forc\u00e9ment que l&#8217;id\u00e9e soit la meilleure du monde. Et il y a une tr\u00e8s bonne ambiance \ud83d\ude42 &#8220;<\/li>\n\n\n\n<li>&#8211; Bilel : &#8220;Ce que je retiens de ma pratique philo, c&#8217;est qu&#8217;on se pose des questions et on r\u00e9pond par des hypoth\u00e8ses. La r\u00e9ponse peut \u00eatre vraie ou fausse et pas critiqu\u00e9e par les autres : par contre ils ne sont pas toujours d&#8217;accord mais ils vont pas vulgairement nous dire qu&#8217;on a faux&#8221;<\/li>\n\n\n\n<li>&#8211; Anna : &#8220;J&#8217;aimais bien dire mes id\u00e9es et on avait chacun de bonnes id\u00e9es. On a beaucoup de choses qu&#8217;on aime faire en philo, on a beaucoup de libert\u00e9 en philo&#8221;<\/li>\n\n\n\n<li>&#8211; M\u00e9lusine : &#8220;J&#8217;ai ador\u00e9 l&#8217;atelier philo : c&#8217;\u00e9tait le meilleur atelier philo du monde !&#8221;<\/li>\n<\/ul>\n","protected":false},"excerpt":{"rendered":"<p>Tous les mercredis (de 14H \u00e0 15H30), on a fait des ateliers de philosophie \u00e0 la Maison de la Philo. Et voil\u00e0 notre bilan :<\/p>\n","protected":false},"author":1,"featured_media":0,"comment_status":"closed","ping_status":"open","sticky":false,"template":"","format":"standard","meta":{"iawp_total_views":3,"footnotes":""},"categories":[12],"tags":[],"class_list":["post-3290","post","type-post","status-publish","format-standard","hentry","category-non-classe","without-featured-image"],"aioseo_notices":[],"jetpack_featured_media_url":"","_links":{"self":[{"href":"https:\/\/maisondelaphilo-romainville.org\/index.php?rest_route=\/wp\/v2\/posts\/3290","targetHints":{"allow":["GET"]}}],"collection":[{"href":"https:\/\/maisondelaphilo-romainville.org\/index.php?rest_route=\/wp\/v2\/posts"}],"about":[{"href":"https:\/\/maisondelaphilo-romainville.org\/index.php?rest_route=\/wp\/v2\/types\/post"}],"author":[{"embeddable":true,"href":"https:\/\/maisondelaphilo-romainville.org\/index.php?rest_route=\/wp\/v2\/users\/1"}],"replies":[{"embeddable":true,"href":"https:\/\/maisondelaphilo-romainville.org\/index.php?rest_route=%2Fwp%2Fv2%2Fcomments&post=3290"}],"version-history":[{"count":1,"href":"https:\/\/maisondelaphilo-romainville.org\/index.php?rest_route=\/wp\/v2\/posts\/3290\/revisions"}],"predecessor-version":[{"id":4793,"href":"https:\/\/maisondelaphilo-romainville.org\/index.php?rest_route=\/wp\/v2\/posts\/3290\/revisions\/4793"}],"wp:attachment":[{"href":"https:\/\/maisondelaphilo-romainville.org\/index.php?rest_route=%2Fwp%2Fv2%2Fmedia&parent=3290"}],"wp:term":[{"taxonomy":"category","embeddable":true,"href":"https:\/\/maisondelaphilo-romainville.org\/index.php?rest_route=%2Fwp%2Fv2%2Fcategories&post=3290"},{"taxonomy":"post_tag","embeddable":true,"href":"https:\/\/maisondelaphilo-romainville.org\/index.php?rest_route=%2Fwp%2Fv2%2Ftags&post=3290"}],"curies":[{"name":"wp","href":"https:\/\/api.w.org\/{rel}","templated":true}]}}