{"id":3297,"date":"2022-07-09T10:17:11","date_gmt":"2022-07-09T09:17:11","guid":{"rendered":"https:\/\/maisondelaphilo-romainville.org\/?p=3297"},"modified":"2024-10-30T16:13:30","modified_gmt":"2024-10-30T15:13:30","slug":"fermeture-de-la-maison-de-la-philo-du-31-juillet-au-16-aout","status":"publish","type":"post","link":"https:\/\/maisondelaphilo-romainville.org\/?p=3297","title":{"rendered":"Fermeture de la Maison de la Philo du 31 juillet au 16 ao\u00fbt"},"content":{"rendered":"<div class=\"wp-block-image\">\n<figure class=\"aligncenter size-large is-resized\"><img loading=\"lazy\" decoding=\"async\" src=\"https:\/\/maisondelaphiloromainvilledotorg.files.wordpress.com\/2021\/09\/logomaison-de-la-philo.png?w=695\" alt=\"\" class=\"wp-image-2931\" width=\"502\" height=\"73\" \/><\/figure><\/div>\n\n\n<p class=\"has-text-align-justify\">La Maison de la Philo sera ferm\u00e9e au public \u00e0 partir du 31 juillet. R\u00e9ouverture le 16 ao\u00fbt pour les emprunts et les retours de livres. Mais aussi pour des ateliers &#8220;Philo sur le pouce&#8221; avec les enfants et les ados !<\/p>\n\n\n<div class=\"wp-block-image\">\n<figure class=\"aligncenter size-large\"><img decoding=\"async\" src=\"https:\/\/maisondelaphiloromainvilledotorg.files.wordpress.com\/2022\/07\/affiche-fermeture-maison-de-la-philo.jpg?w=556\" alt=\"\" class=\"wp-image-3314\" \/><\/figure><\/div>\n\n\n<p class=\"has-text-align-center\">L&#8217;\u00e9quipe de la Maison de la Philo vous souhaite un tr\u00e8s bel \u00e9t\u00e9 ensoleill\u00e9, riche en exp\u00e9riences philosophiques !<\/p>\n","protected":false},"excerpt":{"rendered":"<p>La Maison de la Philo sera ferm\u00e9e au public \u00e0 partir du 31 juillet. R\u00e9ouverture le 16 ao\u00fbt pour les emprunts et les retours de livres. Mais aussi pour des ateliers &#8220;Philo sur le pouce&#8221; avec les enfants et les ados ! L&#8217;\u00e9quipe de la Maison de la Philo vous souhaite un tr\u00e8s bel \u00e9t\u00e9&hellip; <a href=\"https:\/\/maisondelaphilo-romainville.org\/?p=3297\" class=\"more-link\">Continue reading <span class=\"screen-reader-text\">Fermeture de la Maison de la Philo du 31 juillet au 16 ao\u00fbt<\/span><\/a><\/p>\n","protected":false},"author":1,"featured_media":0,"comment_status":"closed","ping_status":"open","sticky":false,"template":"","format":"standard","meta":{"iawp_total_views":4,"footnotes":""},"categories":[12],"tags":[],"class_list":["post-3297","post","type-post","status-publish","format-standard","hentry","category-non-classe","without-featured-image"],"aioseo_notices":[],"jetpack_featured_media_url":"","_links":{"self":[{"href":"https:\/\/maisondelaphilo-romainville.org\/index.php?rest_route=\/wp\/v2\/posts\/3297","targetHints":{"allow":["GET"]}}],"collection":[{"href":"https:\/\/maisondelaphilo-romainville.org\/index.php?rest_route=\/wp\/v2\/posts"}],"about":[{"href":"https:\/\/maisondelaphilo-romainville.org\/index.php?rest_route=\/wp\/v2\/types\/post"}],"author":[{"embeddable":true,"href":"https:\/\/maisondelaphilo-romainville.org\/index.php?rest_route=\/wp\/v2\/users\/1"}],"replies":[{"embeddable":true,"href":"https:\/\/maisondelaphilo-romainville.org\/index.php?rest_route=%2Fwp%2Fv2%2Fcomments&post=3297"}],"version-history":[{"count":1,"href":"https:\/\/maisondelaphilo-romainville.org\/index.php?rest_route=\/wp\/v2\/posts\/3297\/revisions"}],"predecessor-version":[{"id":4791,"href":"https:\/\/maisondelaphilo-romainville.org\/index.php?rest_route=\/wp\/v2\/posts\/3297\/revisions\/4791"}],"wp:attachment":[{"href":"https:\/\/maisondelaphilo-romainville.org\/index.php?rest_route=%2Fwp%2Fv2%2Fmedia&parent=3297"}],"wp:term":[{"taxonomy":"category","embeddable":true,"href":"https:\/\/maisondelaphilo-romainville.org\/index.php?rest_route=%2Fwp%2Fv2%2Fcategories&post=3297"},{"taxonomy":"post_tag","embeddable":true,"href":"https:\/\/maisondelaphilo-romainville.org\/index.php?rest_route=%2Fwp%2Fv2%2Ftags&post=3297"}],"curies":[{"name":"wp","href":"https:\/\/api.w.org\/{rel}","templated":true}]}}