{"id":3299,"date":"2022-07-09T10:03:25","date_gmt":"2022-07-09T09:03:25","guid":{"rendered":"https:\/\/maisondelaphilo-romainville.org\/?p=3299"},"modified":"2024-10-30T16:13:30","modified_gmt":"2024-10-30T15:13:30","slug":"la-semaine-de-banquets-citoyens-de-romainville-lete-du-19-au-22-juillet","status":"publish","type":"post","link":"https:\/\/maisondelaphilo-romainville.org\/?p=3299","title":{"rendered":"La semaine de Banquets Citoyens de &#8220;Romainville L&#8217;Et\u00e9&#8221; : du 19 au 22 juillet !"},"content":{"rendered":"\n<p><\/p>\n\n\n\n<div class=\"wp-block-group is-vertical is-layout-flex wp-container-core-group-is-layout-8cf370e7 wp-block-group-is-layout-flex\">\n<div class=\"wp-block-group\"><div class=\"wp-block-group__inner-container is-layout-flow wp-block-group-is-layout-flow\">\n<p class=\"has-text-align-justify\">La Maison de la Philo sera pr\u00e9sente d\u00e8s le mardi 19 juillet \u00e0 la <strong><mark style=\"background-color:rgba(0, 0, 0, 0);\" class=\"has-inline-color has-luminous-vivid-orange-color\">semaine de banquets citoyens <\/mark><\/strong>organis\u00e9s dans le cadre de la programmation de &#8220;Romainville l&#8217;\u00e9t\u00e9&#8221; ! <\/p>\n\n\n<div class=\"wp-block-image\">\n<figure class=\"aligncenter size-large\"><img decoding=\"async\" src=\"https:\/\/maisondelaphiloromainvilledotorg.files.wordpress.com\/2022\/07\/12228_973_banquet-citoyen.png?w=600\" alt=\"\" class=\"wp-image-3321\" \/><\/figure><\/div>\n\n\n<p class=\"has-text-align-justify\">Le but ? R\u00e9fl\u00e9chir, d\u00e9battre collectivement entre habitants et acteurs du quartier et des centres sociaux autour de th\u00e9matiques li\u00e9es \u00e0 la <strong><mark style=\"background-color:rgba(0, 0, 0, 0);\" class=\"has-inline-color has-luminous-vivid-orange-color\">justice sociale, \u00e0 l&#8217;\u00e9galit\u00e9, au pouvoir d&#8217;agir<\/mark><\/strong>&#8230; puis partager un repas tou.te.s ensemble et en toute convivialit\u00e9.<\/p>\n\n\n\n<p class=\"has-text-align-justify\">Ce projet \u00e0 l&#8217;initiative de la <strong><mark style=\"background-color:rgba(0, 0, 0, 0);\" class=\"has-inline-color has-luminous-vivid-orange-color\">F\u00e9d\u00e9ration des Centres Sociaux de France <\/mark><\/strong>permet aux habitant.e.s de devenir auteur.ice.s des id\u00e9es de la vie citoyenne&#8230; car chacun.e disposant d&#8217;un pouvoir de penser, poss\u00e8de par la m\u00eame occasion un pouvoir d&#8217;agir ! <\/p>\n\n\n\n<p class=\"has-text-align-justify\">Une chouette occasion pour les habitants de philosopher en plein air&#8230; et d&#8217;investir leurs centres sociaux.<\/p>\n\n\n\n<p><em><strong>Un format ludique et une ambiance festive !<\/strong><\/em><\/p>\n<\/div><\/div>\n<\/div>\n\n\n\n<hr class=\"wp-block-separator has-alpha-channel-opacity\" \/>\n\n\n\n<blockquote class=\"wp-block-quote is-layout-flow wp-block-quote-is-layout-flow\"><p>&gt;<strong><span style=\"text-decoration:underline;\">Informations ci-dessous : <\/span><\/strong><\/p><\/blockquote>\n\n\n<div class=\"wp-block-image\">\n<figure class=\"aligncenter size-large\"><img decoding=\"async\" src=\"https:\/\/maisondelaphiloromainvilledotorg.files.wordpress.com\/2022\/07\/image.png?w=551\" alt=\"\" class=\"wp-image-3302\" \/><\/figure><\/div>\n\n\n<p>&gt; <strong><span style=\"text-decoration:underline;\">Programmation Romainville L&#8217;\u00e9t\u00e9 : <\/span><\/strong><\/p>\n\n\n\n<div data-wp-interactive=\"core\/file\" class=\"wp-block-file\"><object data-wp-bind--hidden=\"!state.hasPdfPreview\" hidden class=\"wp-block-file__embed\" data=\"https:\/\/maisondelaphiloromainvilledotorg.files.wordpress.com\/2022\/07\/romainville-l-ete-2022.pdf\" type=\"application\/pdf\" style=\"width:100%;height:600px;\" aria-label=\"Embed of Embed of T\u00e9l\u00e9charger le guide de Romainville L&#039;Et\u00e9..\"><\/object><a id=\"wp-block-file--media-9a249b95-9a34-4b25-a6d0-176180f25c12\" href=\"https:\/\/maisondelaphiloromainvilledotorg.files.wordpress.com\/2022\/07\/romainville-l-ete-2022.pdf\">T\u00e9l\u00e9charger le guide de Romainville L&#8217;Et\u00e9<\/a><a href=\"https:\/\/maisondelaphiloromainvilledotorg.files.wordpress.com\/2022\/07\/romainville-l-ete-2022.pdf\" class=\"wp-block-file__button wp-element-button\" download aria-describedby=\"wp-block-file--media-9a249b95-9a34-4b25-a6d0-176180f25c12\"><\/a><\/div>\n","protected":false},"excerpt":{"rendered":"<p>La Maison de la Philo sera pr\u00e9sente d\u00e8s le mardi 19 juillet \u00e0 la semaine de banquets citoyens organis\u00e9s dans le cadre de la programmation de &#8220;Romainville l&#8217;\u00e9t\u00e9&#8221; ! Le but ? R\u00e9fl\u00e9chir, d\u00e9battre collectivement entre habitants et acteurs du quartier et des centres sociaux autour de th\u00e9matiques li\u00e9es \u00e0 la justice sociale, \u00e0 l&#8217;\u00e9galit\u00e9,&hellip; <a href=\"https:\/\/maisondelaphilo-romainville.org\/?p=3299\" class=\"more-link\">Continue reading <span class=\"screen-reader-text\">La semaine de Banquets Citoyens de &#8220;Romainville L&#8217;Et\u00e9&#8221; : du 19 au 22 juillet !<\/span><\/a><\/p>\n","protected":false},"author":1,"featured_media":0,"comment_status":"closed","ping_status":"open","sticky":false,"template":"","format":"standard","meta":{"iawp_total_views":6,"footnotes":""},"categories":[12],"tags":[],"class_list":["post-3299","post","type-post","status-publish","format-standard","hentry","category-non-classe","without-featured-image"],"aioseo_notices":[],"jetpack_featured_media_url":"","_links":{"self":[{"href":"https:\/\/maisondelaphilo-romainville.org\/index.php?rest_route=\/wp\/v2\/posts\/3299","targetHints":{"allow":["GET"]}}],"collection":[{"href":"https:\/\/maisondelaphilo-romainville.org\/index.php?rest_route=\/wp\/v2\/posts"}],"about":[{"href":"https:\/\/maisondelaphilo-romainville.org\/index.php?rest_route=\/wp\/v2\/types\/post"}],"author":[{"embeddable":true,"href":"https:\/\/maisondelaphilo-romainville.org\/index.php?rest_route=\/wp\/v2\/users\/1"}],"replies":[{"embeddable":true,"href":"https:\/\/maisondelaphilo-romainville.org\/index.php?rest_route=%2Fwp%2Fv2%2Fcomments&post=3299"}],"version-history":[{"count":1,"href":"https:\/\/maisondelaphilo-romainville.org\/index.php?rest_route=\/wp\/v2\/posts\/3299\/revisions"}],"predecessor-version":[{"id":4792,"href":"https:\/\/maisondelaphilo-romainville.org\/index.php?rest_route=\/wp\/v2\/posts\/3299\/revisions\/4792"}],"wp:attachment":[{"href":"https:\/\/maisondelaphilo-romainville.org\/index.php?rest_route=%2Fwp%2Fv2%2Fmedia&parent=3299"}],"wp:term":[{"taxonomy":"category","embeddable":true,"href":"https:\/\/maisondelaphilo-romainville.org\/index.php?rest_route=%2Fwp%2Fv2%2Fcategories&post=3299"},{"taxonomy":"post_tag","embeddable":true,"href":"https:\/\/maisondelaphilo-romainville.org\/index.php?rest_route=%2Fwp%2Fv2%2Ftags&post=3299"}],"curies":[{"name":"wp","href":"https:\/\/api.w.org\/{rel}","templated":true}]}}