{"id":3323,"date":"2022-07-22T14:09:06","date_gmt":"2022-07-22T13:09:06","guid":{"rendered":"https:\/\/maisondelaphilo-romainville.org\/?p=3323"},"modified":"2024-10-30T16:13:06","modified_gmt":"2024-10-30T15:13:06","slug":"fermeture-exceptionnelle-de-la-maison-de-la-philo-samedi-23-juillet","status":"publish","type":"post","link":"https:\/\/maisondelaphilo-romainville.org\/?p=3323","title":{"rendered":"FERMETURE EXCEPTIONNELLE DE LA MAISON DE LA PHILO SAMEDI 23 JUILLET"},"content":{"rendered":"\n<p class=\"has-text-align-center\">Bonjour \u00e0 toutes et \u00e0 tous,<\/p>\n\n\n\n<p class=\"has-text-align-center has-vivid-cyan-blue-color has-text-color\">Nous avons le regret de vous annoncer que, pour des raisons ind\u00e9pendantes de notre volont\u00e9<strong>, la Maison de la Philo sera exceptionnellement ferm\u00e9e ce samedi 23 juillet.<\/strong><\/p>\n\n\n\n<p class=\"has-text-align-center\">Nous vous remercions pour votre compr\u00e9hension.<\/p>\n\n\n\n<p class=\"has-text-align-center has-luminous-vivid-orange-color has-text-color\"><strong>L\u2019\u00e9quipe de la Maison de la Philo<\/strong><\/p>\n","protected":false},"excerpt":{"rendered":"<p>Bonjour \u00e0 toutes et \u00e0 tous, Nous avons le regret de vous annoncer que, pour des raisons ind\u00e9pendantes de notre volont\u00e9, la Maison de la Philo sera exceptionnellement ferm\u00e9e ce samedi 23 juillet. Nous vous remercions pour votre compr\u00e9hension. L\u2019\u00e9quipe de la Maison de la Philo<\/p>\n","protected":false},"author":1,"featured_media":0,"comment_status":"closed","ping_status":"open","sticky":false,"template":"","format":"standard","meta":{"iawp_total_views":7,"footnotes":""},"categories":[12],"tags":[],"class_list":["post-3323","post","type-post","status-publish","format-standard","hentry","category-non-classe","without-featured-image"],"aioseo_notices":[],"aioseo_head":"\n\t\t<!-- All in One SEO 5.0.1.1 - aioseo.com -->\n\t<meta name=\"description\" content=\"Bonjour \u00e0 toutes et \u00e0 tous, Nous avons le regret de vous annoncer que, pour des raisons ind\u00e9pendantes de notre volont\u00e9, la Maison de la Philo sera exceptionnellement ferm\u00e9e ce samedi 23 juillet. Nous vous remercions pour votre compr\u00e9hension. L\u2019\u00e9quipe de la Maison de la Philo\" \/>\n\t<meta name=\"robots\" content=\"max-image-preview:large\" \/>\n\t<meta name=\"author\" content=\"maisondelaphilo\"\/>\n\t<link rel=\"canonical\" href=\"https:\/\/maisondelaphilo-romainville.org\/?p=3323\" \/>\n\t<meta name=\"generator\" content=\"All in One SEO (AIOSEO) 5.0.1.1\" \/>\n\t\t<meta property=\"og:locale\" content=\"en_US\" \/>\n\t\t<meta property=\"og:site_name\" content=\"Au fil de la pens\u00e9e, dans une ville philosophe ! -\" \/>\n\t\t<meta property=\"og:type\" content=\"article\" \/>\n\t\t<meta property=\"og:title\" content=\"FERMETURE EXCEPTIONNELLE DE LA MAISON DE LA PHILO SAMEDI 23 JUILLET - Au fil de la pens\u00e9e, dans une ville philosophe !\" \/>\n\t\t<meta property=\"og:description\" content=\"Bonjour \u00e0 toutes et \u00e0 tous, Nous avons le regret de vous annoncer que, pour des raisons ind\u00e9pendantes de notre volont\u00e9, la Maison de la Philo sera exceptionnellement ferm\u00e9e ce samedi 23 juillet. Nous vous remercions pour votre compr\u00e9hension. L\u2019\u00e9quipe de la Maison de la Philo\" \/>\n\t\t<meta property=\"og:url\" content=\"https:\/\/maisondelaphilo-romainville.org\/?p=3323\" \/>\n\t\t<meta property=\"og:image\" content=\"https:\/\/maisondelaphilo-romainville.org\/wp-content\/uploads\/2023\/11\/cropped-cropped-Logo-Maison-de-la-Philo.png\" \/>\n\t\t<meta property=\"og:image:secure_url\" content=\"https:\/\/maisondelaphilo-romainville.org\/wp-content\/uploads\/2023\/11\/cropped-cropped-Logo-Maison-de-la-Philo.png\" \/>\n\t\t<meta property=\"og:image:width\" content=\"862\" \/>\n\t\t<meta property=\"og:image:height\" content=\"125\" \/>\n\t\t<meta property=\"article:published_time\" content=\"2022-07-22T13:09:06+00:00\" \/>\n\t\t<meta property=\"article:modified_time\" content=\"2024-10-30T15:13:06+00:00\" \/>\n\t\t<meta property=\"article:publisher\" content=\"https:\/\/www.facebook.com\/profile.php?id=61553872209837\" \/>\n\t\t<meta name=\"twitter:card\" content=\"summary_large_image\" \/>\n\t\t<meta name=\"twitter:title\" content=\"FERMETURE EXCEPTIONNELLE DE LA MAISON DE LA PHILO SAMEDI 23 JUILLET - Au fil de la pens\u00e9e, dans une ville philosophe !\" \/>\n\t\t<meta name=\"twitter:description\" content=\"Bonjour \u00e0 toutes et \u00e0 tous, Nous avons le regret de vous annoncer que, pour des raisons ind\u00e9pendantes de notre volont\u00e9, la Maison de la Philo sera exceptionnellement ferm\u00e9e ce samedi 23 juillet. Nous vous remercions pour votre compr\u00e9hension. L\u2019\u00e9quipe de la Maison de la Philo\" \/>\n\t\t<meta name=\"twitter:image\" content=\"https:\/\/maisondelaphilo-romainville.org\/wp-content\/uploads\/2023\/11\/cropped-cropped-Logo-Maison-de-la-Philo.png\" \/>\n\t\t<script type=\"application\/ld+json\" class=\"aioseo-schema\">\n\t\t\t{\"@context\":\"https:\\\/\\\/schema.org\",\"@graph\":[{\"@type\":\"BlogPosting\",\"@id\":\"https:\\\/\\\/maisondelaphilo-romainville.org\\\/?p=3323#blogposting\",\"name\":\"FERMETURE EXCEPTIONNELLE DE LA MAISON DE LA PHILO SAMEDI 23 JUILLET - Au fil de la pens\\u00e9e, dans une ville philosophe !\",\"headline\":\"FERMETURE EXCEPTIONNELLE DE LA MAISON DE LA PHILO SAMEDI 23 JUILLET\",\"author\":{\"@id\":\"https:\\\/\\\/maisondelaphilo-romainville.org\\\/?author=1#author\"},\"publisher\":{\"@id\":\"https:\\\/\\\/maisondelaphilo-romainville.org\\\/#organization\"},\"image\":{\"@type\":\"ImageObject\",\"url\":\"https:\\\/\\\/maisondelaphilo-romainville.org\\\/wp-content\\\/uploads\\\/2024\\\/05\\\/Logo-Maison-de-la-Philo-square.png\",\"@id\":\"https:\\\/\\\/maisondelaphilo-romainville.org\\\/#articleImage\",\"width\":533,\"height\":267},\"datePublished\":\"2022-07-22T14:09:06+02:00\",\"dateModified\":\"2024-10-30T16:13:06+01:00\",\"inLanguage\":\"en-US\",\"mainEntityOfPage\":{\"@id\":\"https:\\\/\\\/maisondelaphilo-romainville.org\\\/?p=3323#webpage\"},\"isPartOf\":{\"@id\":\"https:\\\/\\\/maisondelaphilo-romainville.org\\\/?p=3323#webpage\"},\"articleSection\":\"Non class\\u00e9\"},{\"@type\":\"BreadcrumbList\",\"@id\":\"https:\\\/\\\/maisondelaphilo-romainville.org\\\/?p=3323#breadcrumblist\",\"itemListElement\":[{\"@type\":\"ListItem\",\"@id\":\"https:\\\/\\\/maisondelaphilo-romainville.org#listItem\",\"position\":1,\"name\":\"Home\",\"item\":\"https:\\\/\\\/maisondelaphilo-romainville.org\",\"nextItem\":{\"@type\":\"ListItem\",\"@id\":\"https:\\\/\\\/maisondelaphilo-romainville.org\\\/?cat=12#listItem\",\"name\":\"Non class\\u00e9\"}},{\"@type\":\"ListItem\",\"@id\":\"https:\\\/\\\/maisondelaphilo-romainville.org\\\/?cat=12#listItem\",\"position\":2,\"name\":\"Non class\\u00e9\",\"item\":\"https:\\\/\\\/maisondelaphilo-romainville.org\\\/?cat=12\",\"nextItem\":{\"@type\":\"ListItem\",\"@id\":\"https:\\\/\\\/maisondelaphilo-romainville.org\\\/?p=3323#listItem\",\"name\":\"FERMETURE EXCEPTIONNELLE DE LA MAISON DE LA PHILO SAMEDI 23 JUILLET\"},\"previousItem\":{\"@type\":\"ListItem\",\"@id\":\"https:\\\/\\\/maisondelaphilo-romainville.org#listItem\",\"name\":\"Home\"}},{\"@type\":\"ListItem\",\"@id\":\"https:\\\/\\\/maisondelaphilo-romainville.org\\\/?p=3323#listItem\",\"position\":3,\"name\":\"FERMETURE EXCEPTIONNELLE DE LA MAISON DE LA PHILO SAMEDI 23 JUILLET\",\"previousItem\":{\"@type\":\"ListItem\",\"@id\":\"https:\\\/\\\/maisondelaphilo-romainville.org\\\/?cat=12#listItem\",\"name\":\"Non class\\u00e9\"}}]},{\"@type\":\"Organization\",\"@id\":\"https:\\\/\\\/maisondelaphilo-romainville.org\\\/#organization\",\"name\":\"La Maison de la Philo\",\"url\":\"https:\\\/\\\/maisondelaphilo-romainville.org\\\/\",\"logo\":{\"@type\":\"ImageObject\",\"url\":\"https:\\\/\\\/maisondelaphilo-romainville.org\\\/wp-content\\\/uploads\\\/2024\\\/05\\\/Logo-Maison-de-la-Philo-square.png\",\"@id\":\"https:\\\/\\\/maisondelaphilo-romainville.org\\\/?p=3323\\\/#organizationLogo\",\"width\":533,\"height\":267},\"image\":{\"@id\":\"https:\\\/\\\/maisondelaphilo-romainville.org\\\/?p=3323\\\/#organizationLogo\"},\"sameAs\":[\"https:\\\/\\\/www.facebook.com\\\/profile.php?id=61553872209837\",\"https:\\\/\\\/www.instagram.com\\\/maisondelaphilo93230\\\/\"]},{\"@type\":\"Person\",\"@id\":\"https:\\\/\\\/maisondelaphilo-romainville.org\\\/?author=1#author\",\"url\":\"https:\\\/\\\/maisondelaphilo-romainville.org\\\/?author=1\",\"name\":\"maisondelaphilo\",\"image\":{\"@type\":\"ImageObject\",\"@id\":\"https:\\\/\\\/maisondelaphilo-romainville.org\\\/?p=3323#authorImage\",\"url\":\"https:\\\/\\\/secure.gravatar.com\\\/avatar\\\/bc879b2bd103c3b4441a802726afa490a65771b6d5e0f23268ce1207153fee5d?s=96&d=mm&r=g\",\"width\":96,\"height\":96,\"caption\":\"maisondelaphilo\"}},{\"@type\":\"WebPage\",\"@id\":\"https:\\\/\\\/maisondelaphilo-romainville.org\\\/?p=3323#webpage\",\"url\":\"https:\\\/\\\/maisondelaphilo-romainville.org\\\/?p=3323\",\"name\":\"FERMETURE EXCEPTIONNELLE DE LA MAISON DE LA PHILO SAMEDI 23 JUILLET - Au fil de la pens\\u00e9e, dans une ville philosophe !\",\"description\":\"Bonjour \\u00e0 toutes et \\u00e0 tous, Nous avons le regret de vous annoncer que, pour des raisons ind\\u00e9pendantes de notre volont\\u00e9, la Maison de la Philo sera exceptionnellement ferm\\u00e9e ce samedi 23 juillet. Nous vous remercions pour votre compr\\u00e9hension. L\\u2019\\u00e9quipe de la Maison de la Philo\",\"inLanguage\":\"en-US\",\"isPartOf\":{\"@id\":\"https:\\\/\\\/maisondelaphilo-romainville.org\\\/#website\"},\"breadcrumb\":{\"@id\":\"https:\\\/\\\/maisondelaphilo-romainville.org\\\/?p=3323#breadcrumblist\"},\"author\":{\"@id\":\"https:\\\/\\\/maisondelaphilo-romainville.org\\\/?author=1#author\"},\"creator\":{\"@id\":\"https:\\\/\\\/maisondelaphilo-romainville.org\\\/?author=1#author\"},\"datePublished\":\"2022-07-22T14:09:06+02:00\",\"dateModified\":\"2024-10-30T16:13:06+01:00\"},{\"@type\":\"WebSite\",\"@id\":\"https:\\\/\\\/maisondelaphilo-romainville.org\\\/#website\",\"url\":\"https:\\\/\\\/maisondelaphilo-romainville.org\\\/\",\"name\":\"Au fil de la pens\\u00e9e, dans une ville philosophe !\",\"inLanguage\":\"en-US\",\"publisher\":{\"@id\":\"https:\\\/\\\/maisondelaphilo-romainville.org\\\/#organization\"}}]}\n\t\t<\/script>\n\t\t<!-- All in One SEO -->\n\n","aioseo_head_json":{"title":"FERMETURE EXCEPTIONNELLE DE LA MAISON DE LA PHILO SAMEDI 23 JUILLET - Au fil de la pens\u00e9e, dans une ville philosophe !","description":"Bonjour \u00e0 toutes et \u00e0 tous, Nous avons le regret de vous annoncer que, pour des raisons ind\u00e9pendantes de notre volont\u00e9, la Maison de la Philo sera exceptionnellement ferm\u00e9e ce samedi 23 juillet. Nous vous remercions pour votre compr\u00e9hension. L\u2019\u00e9quipe de la Maison de la Philo","canonical_url":"https:\/\/maisondelaphilo-romainville.org\/?p=3323","robots":"max-image-preview:large","keywords":"","webmasterTools":{"miscellaneous":""},"schema":{"@context":"https:\/\/schema.org","@graph":[{"@type":"BlogPosting","@id":"https:\/\/maisondelaphilo-romainville.org\/?p=3323#blogposting","name":"FERMETURE EXCEPTIONNELLE DE LA MAISON DE LA PHILO SAMEDI 23 JUILLET - Au fil de la pens\u00e9e, dans une ville philosophe !","headline":"FERMETURE EXCEPTIONNELLE DE LA MAISON DE LA PHILO SAMEDI 23 JUILLET","author":{"@id":"https:\/\/maisondelaphilo-romainville.org\/?author=1#author"},"publisher":{"@id":"https:\/\/maisondelaphilo-romainville.org\/#organization"},"image":{"@type":"ImageObject","url":"https:\/\/maisondelaphilo-romainville.org\/wp-content\/uploads\/2024\/05\/Logo-Maison-de-la-Philo-square.png","@id":"https:\/\/maisondelaphilo-romainville.org\/#articleImage","width":533,"height":267},"datePublished":"2022-07-22T14:09:06+02:00","dateModified":"2024-10-30T16:13:06+01:00","inLanguage":"en-US","mainEntityOfPage":{"@id":"https:\/\/maisondelaphilo-romainville.org\/?p=3323#webpage"},"isPartOf":{"@id":"https:\/\/maisondelaphilo-romainville.org\/?p=3323#webpage"},"articleSection":"Non class\u00e9"},{"@type":"BreadcrumbList","@id":"https:\/\/maisondelaphilo-romainville.org\/?p=3323#breadcrumblist","itemListElement":[{"@type":"ListItem","@id":"https:\/\/maisondelaphilo-romainville.org#listItem","position":1,"name":"Home","item":"https:\/\/maisondelaphilo-romainville.org","nextItem":{"@type":"ListItem","@id":"https:\/\/maisondelaphilo-romainville.org\/?cat=12#listItem","name":"Non class\u00e9"}},{"@type":"ListItem","@id":"https:\/\/maisondelaphilo-romainville.org\/?cat=12#listItem","position":2,"name":"Non class\u00e9","item":"https:\/\/maisondelaphilo-romainville.org\/?cat=12","nextItem":{"@type":"ListItem","@id":"https:\/\/maisondelaphilo-romainville.org\/?p=3323#listItem","name":"FERMETURE EXCEPTIONNELLE DE LA MAISON DE LA PHILO SAMEDI 23 JUILLET"},"previousItem":{"@type":"ListItem","@id":"https:\/\/maisondelaphilo-romainville.org#listItem","name":"Home"}},{"@type":"ListItem","@id":"https:\/\/maisondelaphilo-romainville.org\/?p=3323#listItem","position":3,"name":"FERMETURE EXCEPTIONNELLE DE LA MAISON DE LA PHILO SAMEDI 23 JUILLET","previousItem":{"@type":"ListItem","@id":"https:\/\/maisondelaphilo-romainville.org\/?cat=12#listItem","name":"Non class\u00e9"}}]},{"@type":"Organization","@id":"https:\/\/maisondelaphilo-romainville.org\/#organization","name":"La Maison de la Philo","url":"https:\/\/maisondelaphilo-romainville.org\/","logo":{"@type":"ImageObject","url":"https:\/\/maisondelaphilo-romainville.org\/wp-content\/uploads\/2024\/05\/Logo-Maison-de-la-Philo-square.png","@id":"https:\/\/maisondelaphilo-romainville.org\/?p=3323\/#organizationLogo","width":533,"height":267},"image":{"@id":"https:\/\/maisondelaphilo-romainville.org\/?p=3323\/#organizationLogo"},"sameAs":["https:\/\/www.facebook.com\/profile.php?id=61553872209837","https:\/\/www.instagram.com\/maisondelaphilo93230\/"]},{"@type":"Person","@id":"https:\/\/maisondelaphilo-romainville.org\/?author=1#author","url":"https:\/\/maisondelaphilo-romainville.org\/?author=1","name":"maisondelaphilo","image":{"@type":"ImageObject","@id":"https:\/\/maisondelaphilo-romainville.org\/?p=3323#authorImage","url":"https:\/\/secure.gravatar.com\/avatar\/bc879b2bd103c3b4441a802726afa490a65771b6d5e0f23268ce1207153fee5d?s=96&d=mm&r=g","width":96,"height":96,"caption":"maisondelaphilo"}},{"@type":"WebPage","@id":"https:\/\/maisondelaphilo-romainville.org\/?p=3323#webpage","url":"https:\/\/maisondelaphilo-romainville.org\/?p=3323","name":"FERMETURE EXCEPTIONNELLE DE LA MAISON DE LA PHILO SAMEDI 23 JUILLET - Au fil de la pens\u00e9e, dans une ville philosophe !","description":"Bonjour \u00e0 toutes et \u00e0 tous, Nous avons le regret de vous annoncer que, pour des raisons ind\u00e9pendantes de notre volont\u00e9, la Maison de la Philo sera exceptionnellement ferm\u00e9e ce samedi 23 juillet. Nous vous remercions pour votre compr\u00e9hension. L\u2019\u00e9quipe de la Maison de la Philo","inLanguage":"en-US","isPartOf":{"@id":"https:\/\/maisondelaphilo-romainville.org\/#website"},"breadcrumb":{"@id":"https:\/\/maisondelaphilo-romainville.org\/?p=3323#breadcrumblist"},"author":{"@id":"https:\/\/maisondelaphilo-romainville.org\/?author=1#author"},"creator":{"@id":"https:\/\/maisondelaphilo-romainville.org\/?author=1#author"},"datePublished":"2022-07-22T14:09:06+02:00","dateModified":"2024-10-30T16:13:06+01:00"},{"@type":"WebSite","@id":"https:\/\/maisondelaphilo-romainville.org\/#website","url":"https:\/\/maisondelaphilo-romainville.org\/","name":"Au fil de la pens\u00e9e, dans une ville philosophe !","inLanguage":"en-US","publisher":{"@id":"https:\/\/maisondelaphilo-romainville.org\/#organization"}}]},"og:locale":"en_US","og:site_name":"Au fil de la pens\u00e9e, dans une ville philosophe ! -","og:type":"article","og:title":"FERMETURE EXCEPTIONNELLE DE LA MAISON DE LA PHILO SAMEDI 23 JUILLET - Au fil de la pens\u00e9e, dans une ville philosophe !","og:description":"Bonjour \u00e0 toutes et \u00e0 tous, Nous avons le regret de vous annoncer que, pour des raisons ind\u00e9pendantes de notre volont\u00e9, la Maison de la Philo sera exceptionnellement ferm\u00e9e ce samedi 23 juillet. Nous vous remercions pour votre compr\u00e9hension. L\u2019\u00e9quipe de la Maison de la Philo","og:url":"https:\/\/maisondelaphilo-romainville.org\/?p=3323","og:image":"https:\/\/maisondelaphilo-romainville.org\/wp-content\/uploads\/2023\/11\/cropped-cropped-Logo-Maison-de-la-Philo.png","og:image:secure_url":"https:\/\/maisondelaphilo-romainville.org\/wp-content\/uploads\/2023\/11\/cropped-cropped-Logo-Maison-de-la-Philo.png","og:image:width":862,"og:image:height":125,"article:published_time":"2022-07-22T13:09:06+00:00","article:modified_time":"2024-10-30T15:13:06+00:00","article:publisher":"https:\/\/www.facebook.com\/profile.php?id=61553872209837","twitter:card":"summary_large_image","twitter:title":"FERMETURE EXCEPTIONNELLE DE LA MAISON DE LA PHILO SAMEDI 23 JUILLET - Au fil de la pens\u00e9e, dans une ville philosophe !","twitter:description":"Bonjour \u00e0 toutes et \u00e0 tous, Nous avons le regret de vous annoncer que, pour des raisons ind\u00e9pendantes de notre volont\u00e9, la Maison de la Philo sera exceptionnellement ferm\u00e9e ce samedi 23 juillet. Nous vous remercions pour votre compr\u00e9hension. L\u2019\u00e9quipe de la Maison de la Philo","twitter:image":"https:\/\/maisondelaphilo-romainville.org\/wp-content\/uploads\/2023\/11\/cropped-cropped-Logo-Maison-de-la-Philo.png"},"aioseo_meta_data":{"post_id":"3323","title":null,"description":null,"keywords":null,"keyphrases":null,"primary_term":null,"canonical_url":null,"og_title":null,"og_description":null,"og_object_type":"default","og_image_type":"default","og_image_url":null,"og_image_width":null,"og_image_height":null,"og_image_custom_url":null,"og_image_custom_fields":null,"og_video":null,"og_custom_url":null,"og_article_section":null,"og_article_tags":null,"twitter_use_og":false,"twitter_card":"default","twitter_image_type":"default","twitter_image_url":null,"twitter_image_custom_url":null,"twitter_image_custom_fields":null,"twitter_title":null,"twitter_description":null,"schema":{"blockGraphs":[],"customGraphs":[],"default":{"data":{"Article":[],"Course":[],"Dataset":[],"FAQPage":[],"Movie":[],"Person":[],"Product":[],"ProductReview":[],"Car":[],"Recipe":[],"Service":[],"SoftwareApplication":[],"WebPage":[]},"graphName":"","isEnabled":true},"graphs":[]},"schema_type":"default","schema_type_options":null,"pillar_content":false,"robots_default":true,"robots_noindex":false,"robots_noarchive":false,"robots_nosnippet":false,"robots_nofollow":false,"robots_noimageindex":false,"robots_noodp":false,"robots_notranslate":false,"robots_max_snippet":null,"robots_max_videopreview":null,"robots_max_imagepreview":"large","priority":null,"frequency":null,"local_seo":null,"breadcrumb_settings":null,"limit_modified_date":false,"ai":null,"created":"2023-11-02 16:56:21","updated":"2025-06-04 14:50:43","seo_analyzer_scan_date":null,"focus_keyword":null,"additional_keywords":null,"truseo_locale":null},"aioseo_breadcrumb":"<div class=\"aioseo-breadcrumbs\"><span class=\"aioseo-breadcrumb\">\n\t\t\t<a href=\"https:\/\/maisondelaphilo-romainville.org\" title=\"Home\">Home<\/a>\n\t\t<\/span><span class=\"aioseo-breadcrumb-separator\">&raquo;<\/span><span class=\"aioseo-breadcrumb\">\n\t\t\t<a href=\"https:\/\/maisondelaphilo-romainville.org\/?cat=12\" title=\"Non class\u00e9\">Non class\u00e9<\/a>\n\t\t<\/span><span class=\"aioseo-breadcrumb-separator\">&raquo;<\/span><span class=\"aioseo-breadcrumb\">\n\t\t\tFERMETURE EXCEPTIONNELLE DE LA MAISON DE LA PHILO SAMEDI 23 JUILLET\n\t\t<\/span><\/div>","aioseo_breadcrumb_json":[{"label":"Home","link":"https:\/\/maisondelaphilo-romainville.org"},{"label":"Non class\u00e9","link":"https:\/\/maisondelaphilo-romainville.org\/?cat=12"},{"label":"FERMETURE EXCEPTIONNELLE DE LA MAISON DE LA PHILO SAMEDI 23 JUILLET","link":"https:\/\/maisondelaphilo-romainville.org\/?p=3323"}],"jetpack_featured_media_url":"","_links":{"self":[{"href":"https:\/\/maisondelaphilo-romainville.org\/index.php?rest_route=\/wp\/v2\/posts\/3323","targetHints":{"allow":["GET"]}}],"collection":[{"href":"https:\/\/maisondelaphilo-romainville.org\/index.php?rest_route=\/wp\/v2\/posts"}],"about":[{"href":"https:\/\/maisondelaphilo-romainville.org\/index.php?rest_route=\/wp\/v2\/types\/post"}],"author":[{"embeddable":true,"href":"https:\/\/maisondelaphilo-romainville.org\/index.php?rest_route=\/wp\/v2\/users\/1"}],"replies":[{"embeddable":true,"href":"https:\/\/maisondelaphilo-romainville.org\/index.php?rest_route=%2Fwp%2Fv2%2Fcomments&post=3323"}],"version-history":[{"count":1,"href":"https:\/\/maisondelaphilo-romainville.org\/index.php?rest_route=\/wp\/v2\/posts\/3323\/revisions"}],"predecessor-version":[{"id":4790,"href":"https:\/\/maisondelaphilo-romainville.org\/index.php?rest_route=\/wp\/v2\/posts\/3323\/revisions\/4790"}],"wp:attachment":[{"href":"https:\/\/maisondelaphilo-romainville.org\/index.php?rest_route=%2Fwp%2Fv2%2Fmedia&parent=3323"}],"wp:term":[{"taxonomy":"category","embeddable":true,"href":"https:\/\/maisondelaphilo-romainville.org\/index.php?rest_route=%2Fwp%2Fv2%2Fcategories&post=3323"},{"taxonomy":"post_tag","embeddable":true,"href":"https:\/\/maisondelaphilo-romainville.org\/index.php?rest_route=%2Fwp%2Fv2%2Ftags&post=3323"}],"curies":[{"name":"wp","href":"https:\/\/api.w.org\/{rel}","templated":true}]}}