{"id":4657,"date":"2023-09-30T10:09:50","date_gmt":"2023-09-30T09:09:50","guid":{"rendered":"https:\/\/maisondelaphilo-romainville.org\/?p=4657"},"modified":"2024-10-30T16:13:05","modified_gmt":"2024-10-30T15:13:05","slug":"premier-debat-philo-avec-la-maison-des-retraites","status":"publish","type":"post","link":"https:\/\/maisondelaphilo-romainville.org\/?p=4657","title":{"rendered":"Premier d\u00e9bat philo avec la Maison des retrait\u00e9s"},"content":{"rendered":"\n<p>Vendredi 29 Septembre a eu lieu le premier d\u00e9bat philo avec la Maison des retrait\u00e9s !<br>Sur le th\u00e8me du temps, nous avons pu voir se succ\u00e9der diff\u00e9rentes d\u00e9finitions et questions propos\u00e9es par les participants.<br>Apr\u00e8s la discussion, Margaux, m\u00e9diatrice de la Maison de la Philo, a propos\u00e9 la lecture de textes de S\u00e9n\u00e8que, c\u00e9l\u00e8bre sto\u00efcien romain ; c&#8217;est en particulier des textes issus de son ouvrage <em>De la bri\u00e8vet\u00e9 de la vie<\/em> qui ont \u00e9t\u00e9 s\u00e9lectionn\u00e9.<\/p>\n\n\n\n<figure class=\"wp-block-image size-full is-resized\"><img decoding=\"async\" src=\"https:\/\/maisondelaphiloromainvilledotorg.files.wordpress.com\/2023\/09\/20230929_131338.jpg\" alt=\"\" class=\"wp-image-4662\" style=\"width:507px;height:auto\" \/><\/figure>\n","protected":false},"excerpt":{"rendered":"<p>Vendredi 29 Septembre a eu lieu le premier d\u00e9bat philo avec la Maison des retrait\u00e9s !Sur le th\u00e8me du temps, nous avons pu voir se succ\u00e9der diff\u00e9rentes d\u00e9finitions et questions propos\u00e9es par les participants.Apr\u00e8s la discussion, Margaux, m\u00e9diatrice de la Maison de la Philo, a propos\u00e9 la lecture de textes de S\u00e9n\u00e8que, c\u00e9l\u00e8bre sto\u00efcien romain&hellip; <a href=\"https:\/\/maisondelaphilo-romainville.org\/?p=4657\" class=\"more-link\">Continue reading <span class=\"screen-reader-text\">Premier d\u00e9bat philo avec la Maison des retrait\u00e9s<\/span><\/a><\/p>\n","protected":false},"author":1,"featured_media":0,"comment_status":"closed","ping_status":"open","sticky":false,"template":"","format":"standard","meta":{"iawp_total_views":2,"footnotes":""},"categories":[12],"tags":[],"class_list":["post-4657","post","type-post","status-publish","format-standard","hentry","category-non-classe","without-featured-image"],"aioseo_notices":[],"jetpack_featured_media_url":"","_links":{"self":[{"href":"https:\/\/maisondelaphilo-romainville.org\/index.php?rest_route=\/wp\/v2\/posts\/4657","targetHints":{"allow":["GET"]}}],"collection":[{"href":"https:\/\/maisondelaphilo-romainville.org\/index.php?rest_route=\/wp\/v2\/posts"}],"about":[{"href":"https:\/\/maisondelaphilo-romainville.org\/index.php?rest_route=\/wp\/v2\/types\/post"}],"author":[{"embeddable":true,"href":"https:\/\/maisondelaphilo-romainville.org\/index.php?rest_route=\/wp\/v2\/users\/1"}],"replies":[{"embeddable":true,"href":"https:\/\/maisondelaphilo-romainville.org\/index.php?rest_route=%2Fwp%2Fv2%2Fcomments&post=4657"}],"version-history":[{"count":2,"href":"https:\/\/maisondelaphilo-romainville.org\/index.php?rest_route=\/wp\/v2\/posts\/4657\/revisions"}],"predecessor-version":[{"id":4911,"href":"https:\/\/maisondelaphilo-romainville.org\/index.php?rest_route=\/wp\/v2\/posts\/4657\/revisions\/4911"}],"wp:attachment":[{"href":"https:\/\/maisondelaphilo-romainville.org\/index.php?rest_route=%2Fwp%2Fv2%2Fmedia&parent=4657"}],"wp:term":[{"taxonomy":"category","embeddable":true,"href":"https:\/\/maisondelaphilo-romainville.org\/index.php?rest_route=%2Fwp%2Fv2%2Fcategories&post=4657"},{"taxonomy":"post_tag","embeddable":true,"href":"https:\/\/maisondelaphilo-romainville.org\/index.php?rest_route=%2Fwp%2Fv2%2Ftags&post=4657"}],"curies":[{"name":"wp","href":"https:\/\/api.w.org\/{rel}","templated":true}]}}