{"id":504,"date":"2016-03-16T14:36:24","date_gmt":"2016-03-16T13:36:24","guid":{"rendered":"http:\/\/maisondelaphilo-romainville.org\/?p=504"},"modified":"2024-10-30T16:15:52","modified_gmt":"2024-10-30T15:15:52","slug":"fete-de-la-philo-3eme-edition-le-vendredi-1er-avril-a-18h30","status":"publish","type":"post","link":"https:\/\/maisondelaphilo-romainville.org\/?p=504","title":{"rendered":"F\u00eate de la Philo, 3\u00e8me \u00e9dition, le vendredi 1er avril \u00e0 18H30"},"content":{"rendered":"<p><a title=\"A5 Fe\u0302te Philo 2016\" href=\"https:\/\/maisondelaphiloromainvilledotorg.files.wordpress.com\/2016\/03\/a5-fecc82te-philo-2016.pdf\">A5 Fe\u0302te Philo 2016<\/a><img loading=\"lazy\" decoding=\"async\" class=\"alignnone size-full wp-image-506\" src=\"https:\/\/maisondelaphiloromainvilledotorg.files.wordpress.com\/2016\/03\/image002.png\" alt=\"image002\" width=\"603\" height=\"866\" srcset=\"https:\/\/maisondelaphilo-romainville.org\/wp-content\/uploads\/2016\/03\/image002.png 603w, https:\/\/maisondelaphilo-romainville.org\/wp-content\/uploads\/2016\/03\/image002-209x300.png 209w\" sizes=\"auto, (max-width: 603px) 100vw, 603px\" \/><\/p>\n","protected":false},"excerpt":{"rendered":"<p>A5 Fe\u0302te Philo 2016<\/p>\n","protected":false},"author":1,"featured_media":0,"comment_status":"closed","ping_status":"open","sticky":false,"template":"","format":"standard","meta":{"iawp_total_views":2,"footnotes":""},"categories":[9,20],"tags":[],"class_list":["post-504","post","type-post","status-publish","format-standard","hentry","category-la-fete-de-la-philo","category-romainville-philosophe","without-featured-image"],"aioseo_notices":[],"jetpack_featured_media_url":"","_links":{"self":[{"href":"https:\/\/maisondelaphilo-romainville.org\/index.php?rest_route=\/wp\/v2\/posts\/504","targetHints":{"allow":["GET"]}}],"collection":[{"href":"https:\/\/maisondelaphilo-romainville.org\/index.php?rest_route=\/wp\/v2\/posts"}],"about":[{"href":"https:\/\/maisondelaphilo-romainville.org\/index.php?rest_route=\/wp\/v2\/types\/post"}],"author":[{"embeddable":true,"href":"https:\/\/maisondelaphilo-romainville.org\/index.php?rest_route=\/wp\/v2\/users\/1"}],"replies":[{"embeddable":true,"href":"https:\/\/maisondelaphilo-romainville.org\/index.php?rest_route=%2Fwp%2Fv2%2Fcomments&post=504"}],"version-history":[{"count":1,"href":"https:\/\/maisondelaphilo-romainville.org\/index.php?rest_route=\/wp\/v2\/posts\/504\/revisions"}],"predecessor-version":[{"id":5871,"href":"https:\/\/maisondelaphilo-romainville.org\/index.php?rest_route=\/wp\/v2\/posts\/504\/revisions\/5871"}],"wp:attachment":[{"href":"https:\/\/maisondelaphilo-romainville.org\/index.php?rest_route=%2Fwp%2Fv2%2Fmedia&parent=504"}],"wp:term":[{"taxonomy":"category","embeddable":true,"href":"https:\/\/maisondelaphilo-romainville.org\/index.php?rest_route=%2Fwp%2Fv2%2Fcategories&post=504"},{"taxonomy":"post_tag","embeddable":true,"href":"https:\/\/maisondelaphilo-romainville.org\/index.php?rest_route=%2Fwp%2Fv2%2Ftags&post=504"}],"curies":[{"name":"wp","href":"https:\/\/api.w.org\/{rel}","templated":true}]}}