{"id":769,"date":"2017-05-13T12:02:19","date_gmt":"2017-05-13T11:02:19","guid":{"rendered":"http:\/\/maisondelaphilo-romainville.org\/?p=769"},"modified":"2024-10-30T16:15:34","modified_gmt":"2024-10-30T15:15:34","slug":"compte-rendu-du-cafe-philo-faut-il-avoir-peur-de-la-peur-samedi-13-mai-2017","status":"publish","type":"post","link":"https:\/\/maisondelaphilo-romainville.org\/?p=769","title":{"rendered":"Compte-rendu du Caf\u00e9-Philo &#8220;Faut-il avoir peur de la peur?&#8221; (samedi 13 mai 2017)"},"content":{"rendered":"\n<p>Bonjour \u00e0 tous,<\/p>\n<p>Voici le compte-rendu du caf\u00e9-philo du jour ! Comme vous le voyez, il est agr\u00e9ment\u00e9 des illustrations \u00e9clairantes de notre facilitatrice graphique, Anna Borgniet. \u00a0 Bonne lecture et bonne exploration !<\/p>\n<p><img loading=\"lazy\" decoding=\"async\" class=\"alignnone size-full wp-image-773\" src=\"https:\/\/maisondelaphiloromainvilledotorg.files.wordpress.com\/2017\/05\/images.jpg\" alt=\"images\" width=\"332\" height=\"152\" \/><a title=\"Caf\u00e9PhiloPeurMai2017\" href=\"https:\/\/maisondelaphiloromainvilledotorg.files.wordpress.com\/2017\/05\/cafc3a9philopeurmai2017.pdf\">Caf\u00e9PhiloPeurMai2017<\/a><\/p>\n","protected":false},"excerpt":{"rendered":"<p>Bonjour \u00e0 tous, Voici le compte-rendu du caf\u00e9-philo du jour ! Comme vous le voyez, il est agr\u00e9ment\u00e9 des illustrations \u00e9clairantes de notre facilitatrice graphique, Anna Borgniet. \u00a0 Bonne lecture et bonne exploration ! Caf\u00e9PhiloPeurMai2017<\/p>\n","protected":false},"author":1,"featured_media":0,"comment_status":"closed","ping_status":"open","sticky":false,"template":"","format":"gallery","meta":{"iawp_total_views":2,"footnotes":""},"categories":[23,16],"tags":[],"class_list":["post-769","post","type-post","status-publish","format-gallery","hentry","category-comptes-rendus-des-cafe-philo","category-philo-pour-adulte","post_format-post-format-gallery","without-featured-image"],"aioseo_notices":[],"jetpack_featured_media_url":"","_links":{"self":[{"href":"https:\/\/maisondelaphilo-romainville.org\/index.php?rest_route=\/wp\/v2\/posts\/769","targetHints":{"allow":["GET"]}}],"collection":[{"href":"https:\/\/maisondelaphilo-romainville.org\/index.php?rest_route=\/wp\/v2\/posts"}],"about":[{"href":"https:\/\/maisondelaphilo-romainville.org\/index.php?rest_route=\/wp\/v2\/types\/post"}],"author":[{"embeddable":true,"href":"https:\/\/maisondelaphilo-romainville.org\/index.php?rest_route=\/wp\/v2\/users\/1"}],"replies":[{"embeddable":true,"href":"https:\/\/maisondelaphilo-romainville.org\/index.php?rest_route=%2Fwp%2Fv2%2Fcomments&post=769"}],"version-history":[{"count":1,"href":"https:\/\/maisondelaphilo-romainville.org\/index.php?rest_route=\/wp\/v2\/posts\/769\/revisions"}],"predecessor-version":[{"id":5840,"href":"https:\/\/maisondelaphilo-romainville.org\/index.php?rest_route=\/wp\/v2\/posts\/769\/revisions\/5840"}],"wp:attachment":[{"href":"https:\/\/maisondelaphilo-romainville.org\/index.php?rest_route=%2Fwp%2Fv2%2Fmedia&parent=769"}],"wp:term":[{"taxonomy":"category","embeddable":true,"href":"https:\/\/maisondelaphilo-romainville.org\/index.php?rest_route=%2Fwp%2Fv2%2Fcategories&post=769"},{"taxonomy":"post_tag","embeddable":true,"href":"https:\/\/maisondelaphilo-romainville.org\/index.php?rest_route=%2Fwp%2Fv2%2Ftags&post=769"}],"curies":[{"name":"wp","href":"https:\/\/api.w.org\/{rel}","templated":true}]}}